{"id":541005,"date":"2026-08-26T08:57:31","date_gmt":"2026-08-26T08:57:31","guid":{"rendered":"https:\/\/livelycity.com\/switzerland\/seine-familie-schaut-zu-federer-ruhrt-jungen-fan-zu-tranen\/"},"modified":"2026-08-26T08:57:31","modified_gmt":"2026-08-26T08:57:31","slug":"seine-familie-schaut-zu-federer-ruhrt-jungen-fan-zu-tranen","status":"publish","type":"post","link":"https:\/\/livelycity.com\/switzerland\/seine-familie-schaut-zu-federer-ruhrt-jungen-fan-zu-tranen\/","title":{"rendered":"Seine Familie schaut zu: Federer r\u00fchrt jungen Fan zu Tr\u00e4nen"},"content":{"rendered":"<p>Roger Federer ist zur\u00fcck auf der ganz grossen B\u00fchne. Beim US Open sorgt er gleich f\u00fcr mehrere Highlights.<\/p>\n<p><a href=\"https:\/\/www.20min.ch\/video\/us-open-seine-familie-schaut-zu-federer-ruehrt-jungen-fan-zu-traenen-103622750\" target=\"_blank\" class=\"\">https:\/\/www.20min.ch\/video\/us-open-seine-familie-schaut-zu-federer-ruehrt-jungen-fan-zu-traenen-103622750<\/a>\u00a0<\/p>\n","protected":false},"excerpt":{"rendered":"<p>Roger Federer ist zur\u00fcck auf der ganz grossen B\u00fchne. Beim US Open sorgt er gleich f\u00fcr mehrere Highlights. https:\/\/www.20min.ch\/video\/us-open-seine-familie-schaut-zu-federer-ruehrt-jungen-fan-zu-traenen-103622750\u00a0<\/p>\n","protected":false},"author":0,"featured_media":540943,"comment_status":"closed","ping_status":"closed","sticky":false,"template":"","format":"standard","meta":{"_jetpack_memberships_contains_paid_content":false,"footnotes":""},"categories":[3],"tags":[],"class_list":["post-541005","post","type-post","status-publish","format-standard","has-post-thumbnail","hentry","category-20-minuten","wpcat-3-id"],"jetpack_featured_media_url":"https:\/\/livelycity.com\/switzerland\/wp-content\/uploads\/2026\/08\/a3cc8d6e-888f-4910-96a5-38dad89c1074-T2tiAM.jpg","jetpack_sharing_enabled":true,"_links":{"self":[{"href":"https:\/\/livelycity.com\/switzerland\/wp-json\/wp\/v2\/posts\/541005","targetHints":{"allow":["GET"]}}],"collection":[{"href":"https:\/\/livelycity.com\/switzerland\/wp-json\/wp\/v2\/posts"}],"about":[{"href":"https:\/\/livelycity.com\/switzerland\/wp-json\/wp\/v2\/types\/post"}],"replies":[{"embeddable":true,"href":"https:\/\/livelycity.com\/switzerland\/wp-json\/wp\/v2\/comments?post=541005"}],"version-history":[{"count":0,"href":"https:\/\/livelycity.com\/switzerland\/wp-json\/wp\/v2\/posts\/541005\/revisions"}],"wp:featuredmedia":[{"embeddable":true,"href":"https:\/\/livelycity.com\/switzerland\/wp-json\/wp\/v2\/media\/540943"}],"wp:attachment":[{"href":"https:\/\/livelycity.com\/switzerland\/wp-json\/wp\/v2\/media?parent=541005"}],"wp:term":[{"taxonomy":"category","embeddable":true,"href":"https:\/\/livelycity.com\/switzerland\/wp-json\/wp\/v2\/categories?post=541005"},{"taxonomy":"post_tag","embeddable":true,"href":"https:\/\/livelycity.com\/switzerland\/wp-json\/wp\/v2\/tags?post=541005"}],"curies":[{"name":"wp","href":"https:\/\/api.w.org\/{rel}","templated":true}]}}