{"id":540964,"date":"2026-08-26T06:34:12","date_gmt":"2026-08-26T06:34:12","guid":{"rendered":"https:\/\/livelycity.com\/switzerland\/kaltfront-im-anmarsch-zuerst-uber-30-grad-dann-drohen-gewitter\/"},"modified":"2026-08-26T06:34:12","modified_gmt":"2026-08-26T06:34:12","slug":"kaltfront-im-anmarsch-zuerst-uber-30-grad-dann-drohen-gewitter","status":"publish","type":"post","link":"https:\/\/livelycity.com\/switzerland\/kaltfront-im-anmarsch-zuerst-uber-30-grad-dann-drohen-gewitter\/","title":{"rendered":"Kaltfront im Anmarsch: Zuerst \u00fcber 30 Grad \u2013 dann drohen Gewitter"},"content":{"rendered":"<p>Die Schweiz erlebt diese Woche noch einmal sommerliche Temperaturen bis 32 Grad \u2013 dann sorgen F\u00f6hn, Saharastaub und eine Kaltfront f\u00fcr Abk\u00fchlung. Am Freitag drohen Gewitter.<\/p>\n<p><a href=\"https:\/\/www.20min.ch\/story\/wetter-schweiz-kaltfront-im-anmarsch-zuerst-ueber-30-grad-dann-drohen-gewitter-103622629\" target=\"_blank\" class=\"\">https:\/\/www.20min.ch\/story\/wetter-schweiz-kaltfront-im-anmarsch-zuerst-ueber-30-grad-dann-drohen-gewitter-103622629<\/a>\u00a0<\/p>\n","protected":false},"excerpt":{"rendered":"<p>Die Schweiz erlebt diese Woche noch einmal sommerliche Temperaturen bis 32 Grad \u2013 dann sorgen F\u00f6hn, Saharastaub und eine Kaltfront f\u00fcr Abk\u00fchlung. Am Freitag drohen&#8230;<\/p>\n","protected":false},"author":0,"featured_media":540940,"comment_status":"closed","ping_status":"closed","sticky":false,"template":"","format":"standard","meta":{"_jetpack_memberships_contains_paid_content":false,"footnotes":""},"categories":[3],"tags":[],"class_list":["post-540964","post","type-post","status-publish","format-standard","has-post-thumbnail","hentry","category-20-minuten","wpcat-3-id"],"jetpack_featured_media_url":"https:\/\/livelycity.com\/switzerland\/wp-content\/uploads\/2026\/08\/293ac318-f270-47a6-842a-4a17ea01b8e8-8rPqJU.jpg","jetpack_sharing_enabled":true,"_links":{"self":[{"href":"https:\/\/livelycity.com\/switzerland\/wp-json\/wp\/v2\/posts\/540964","targetHints":{"allow":["GET"]}}],"collection":[{"href":"https:\/\/livelycity.com\/switzerland\/wp-json\/wp\/v2\/posts"}],"about":[{"href":"https:\/\/livelycity.com\/switzerland\/wp-json\/wp\/v2\/types\/post"}],"replies":[{"embeddable":true,"href":"https:\/\/livelycity.com\/switzerland\/wp-json\/wp\/v2\/comments?post=540964"}],"version-history":[{"count":0,"href":"https:\/\/livelycity.com\/switzerland\/wp-json\/wp\/v2\/posts\/540964\/revisions"}],"wp:featuredmedia":[{"embeddable":true,"href":"https:\/\/livelycity.com\/switzerland\/wp-json\/wp\/v2\/media\/540940"}],"wp:attachment":[{"href":"https:\/\/livelycity.com\/switzerland\/wp-json\/wp\/v2\/media?parent=540964"}],"wp:term":[{"taxonomy":"category","embeddable":true,"href":"https:\/\/livelycity.com\/switzerland\/wp-json\/wp\/v2\/categories?post=540964"},{"taxonomy":"post_tag","embeddable":true,"href":"https:\/\/livelycity.com\/switzerland\/wp-json\/wp\/v2\/tags?post=540964"}],"curies":[{"name":"wp","href":"https:\/\/api.w.org\/{rel}","templated":true}]}}