{"id":540910,"date":"2026-08-26T04:42:10","date_gmt":"2026-08-26T04:42:10","guid":{"rendered":"https:\/\/livelycity.com\/switzerland\/fischer-spricht-ich-bin-dankbar-dafur-wie-es-passiert-ist\/"},"modified":"2026-08-26T04:42:10","modified_gmt":"2026-08-26T04:42:10","slug":"fischer-spricht-ich-bin-dankbar-dafur-wie-es-passiert-ist","status":"publish","type":"post","link":"https:\/\/livelycity.com\/switzerland\/fischer-spricht-ich-bin-dankbar-dafur-wie-es-passiert-ist\/","title":{"rendered":"Fischer spricht: \u00abIch bin dankbar daf\u00fcr, wie es passiert ist\u00bb"},"content":{"rendered":"<p>Nach seiner Entlassung als Nationaltrainer aufgrund eines gef\u00e4lschten Corona-Zertifikats hat sich Patrick Fischer erstmals ausf\u00fchrlich ge\u00e4ussert.<\/p>\n<p><a href=\"https:\/\/www.20min.ch\/story\/ex-nati-coach-fischer-spricht-ich-bin-dankbar-dafuer-wie-es-passiert-ist-103622628\" target=\"_blank\" class=\"\">https:\/\/www.20min.ch\/story\/ex-nati-coach-fischer-spricht-ich-bin-dankbar-dafuer-wie-es-passiert-ist-103622628<\/a>\u00a0<\/p>\n","protected":false},"excerpt":{"rendered":"<p>Nach seiner Entlassung als Nationaltrainer aufgrund eines gef\u00e4lschten Corona-Zertifikats hat sich Patrick Fischer erstmals ausf\u00fchrlich ge\u00e4ussert. https:\/\/www.20min.ch\/story\/ex-nati-coach-fischer-spricht-ich-bin-dankbar-dafuer-wie-es-passiert-ist-103622628\u00a0<\/p>\n","protected":false},"author":0,"featured_media":540895,"comment_status":"closed","ping_status":"closed","sticky":false,"template":"","format":"standard","meta":{"_jetpack_memberships_contains_paid_content":false,"footnotes":""},"categories":[5],"tags":[],"class_list":["post-540910","post","type-post","status-publish","format-standard","has-post-thumbnail","hentry","category-aargauer-zeitung","wpcat-5-id"],"jetpack_featured_media_url":"https:\/\/livelycity.com\/switzerland\/wp-content\/uploads\/2026\/08\/534b88dd-13de-4ab5-bfe8-474044e97cb4-B1vVEU-scaled.jpg","jetpack_sharing_enabled":true,"_links":{"self":[{"href":"https:\/\/livelycity.com\/switzerland\/wp-json\/wp\/v2\/posts\/540910","targetHints":{"allow":["GET"]}}],"collection":[{"href":"https:\/\/livelycity.com\/switzerland\/wp-json\/wp\/v2\/posts"}],"about":[{"href":"https:\/\/livelycity.com\/switzerland\/wp-json\/wp\/v2\/types\/post"}],"replies":[{"embeddable":true,"href":"https:\/\/livelycity.com\/switzerland\/wp-json\/wp\/v2\/comments?post=540910"}],"version-history":[{"count":0,"href":"https:\/\/livelycity.com\/switzerland\/wp-json\/wp\/v2\/posts\/540910\/revisions"}],"wp:featuredmedia":[{"embeddable":true,"href":"https:\/\/livelycity.com\/switzerland\/wp-json\/wp\/v2\/media\/540895"}],"wp:attachment":[{"href":"https:\/\/livelycity.com\/switzerland\/wp-json\/wp\/v2\/media?parent=540910"}],"wp:term":[{"taxonomy":"category","embeddable":true,"href":"https:\/\/livelycity.com\/switzerland\/wp-json\/wp\/v2\/categories?post=540910"},{"taxonomy":"post_tag","embeddable":true,"href":"https:\/\/livelycity.com\/switzerland\/wp-json\/wp\/v2\/tags?post=540910"}],"curies":[{"name":"wp","href":"https:\/\/api.w.org\/{rel}","templated":true}]}}