{"id":535986,"date":"2026-08-18T09:27:31","date_gmt":"2026-08-18T09:27:31","guid":{"rendered":"https:\/\/livelycity.com\/switzerland\/100-tage-nach-ara-orban-so-stark-hat-magyar-ungarn-umgekrempelt\/"},"modified":"2026-08-18T09:27:31","modified_gmt":"2026-08-18T09:27:31","slug":"100-tage-nach-ara-orban-so-stark-hat-magyar-ungarn-umgekrempelt","status":"publish","type":"post","link":"https:\/\/livelycity.com\/switzerland\/100-tage-nach-ara-orban-so-stark-hat-magyar-ungarn-umgekrempelt\/","title":{"rendered":"100 Tage nach \u00c4ra Orban: So stark hat Magyar Ungarn umgekrempelt"},"content":{"rendered":"<p>Drei Monate sind seit der Absetzung des langj\u00e4hrigen Ministerpr\u00e4sidenten Viktor Orban vergangen. Magyar hat in dieser Zeit einige Ver\u00e4nderungen in Ungarn angestossen.<\/p>\n<p><a href=\"https:\/\/www.20min.ch\/story\/neuer-ministerpraesident-100-tage-nach-aera-orban-so-stark-hat-magyar-ungarn-umgekrempelt-103618990\" target=\"_blank\" class=\"\">https:\/\/www.20min.ch\/story\/neuer-ministerpraesident-100-tage-nach-aera-orban-so-stark-hat-magyar-ungarn-umgekrempelt-103618990<\/a>\u00a0<\/p>\n","protected":false},"excerpt":{"rendered":"<p>Drei Monate sind seit der Absetzung des langj\u00e4hrigen Ministerpr\u00e4sidenten Viktor Orban vergangen. Magyar hat in dieser Zeit einige Ver\u00e4nderungen in Ungarn angestossen. https:\/\/www.20min.ch\/story\/neuer-ministerpraesident-100-tage-nach-aera-orban-so-stark-hat-magyar-ungarn-umgekrempelt-103618990\u00a0<\/p>\n","protected":false},"author":0,"featured_media":535966,"comment_status":"closed","ping_status":"closed","sticky":false,"template":"","format":"standard","meta":{"_jetpack_memberships_contains_paid_content":false,"footnotes":""},"categories":[3],"tags":[],"class_list":["post-535986","post","type-post","status-publish","format-standard","has-post-thumbnail","hentry","category-20-minuten","wpcat-3-id"],"jetpack_featured_media_url":"https:\/\/livelycity.com\/switzerland\/wp-content\/uploads\/2026\/08\/741a08c2-3925-46eb-a3c7-aef3266178ba-dE9cNt-scaled.jpg","jetpack_sharing_enabled":true,"_links":{"self":[{"href":"https:\/\/livelycity.com\/switzerland\/wp-json\/wp\/v2\/posts\/535986","targetHints":{"allow":["GET"]}}],"collection":[{"href":"https:\/\/livelycity.com\/switzerland\/wp-json\/wp\/v2\/posts"}],"about":[{"href":"https:\/\/livelycity.com\/switzerland\/wp-json\/wp\/v2\/types\/post"}],"replies":[{"embeddable":true,"href":"https:\/\/livelycity.com\/switzerland\/wp-json\/wp\/v2\/comments?post=535986"}],"version-history":[{"count":0,"href":"https:\/\/livelycity.com\/switzerland\/wp-json\/wp\/v2\/posts\/535986\/revisions"}],"wp:featuredmedia":[{"embeddable":true,"href":"https:\/\/livelycity.com\/switzerland\/wp-json\/wp\/v2\/media\/535966"}],"wp:attachment":[{"href":"https:\/\/livelycity.com\/switzerland\/wp-json\/wp\/v2\/media?parent=535986"}],"wp:term":[{"taxonomy":"category","embeddable":true,"href":"https:\/\/livelycity.com\/switzerland\/wp-json\/wp\/v2\/categories?post=535986"},{"taxonomy":"post_tag","embeddable":true,"href":"https:\/\/livelycity.com\/switzerland\/wp-json\/wp\/v2\/tags?post=535986"}],"curies":[{"name":"wp","href":"https:\/\/api.w.org\/{rel}","templated":true}]}}