{"id":535784,"date":"2026-08-18T03:35:00","date_gmt":"2026-08-18T03:35:00","guid":{"rendered":"https:\/\/livelycity.com\/switzerland\/kommentar-machtkampf-um-infantino-den-herrschern-des-fussballs-fehlt-eine-streitkultur\/"},"modified":"2026-08-18T03:35:00","modified_gmt":"2026-08-18T03:35:00","slug":"kommentar-machtkampf-um-infantino-den-herrschern-des-fussballs-fehlt-eine-streitkultur","status":"publish","type":"post","link":"https:\/\/livelycity.com\/switzerland\/kommentar-machtkampf-um-infantino-den-herrschern-des-fussballs-fehlt-eine-streitkultur\/","title":{"rendered":"KOMMENTAR &#8211; Machtkampf um Infantino: Den Herrschern des Fussballs fehlt eine Streitkultur"},"content":{"rendered":"<p>Die Funktion\u00e4re der Uefa und anderer Verb\u00e4nde sollten mit der Fifa konstruktiv \u00fcber die Zukunft des Fussballs diskutieren, statt st\u00e4ndig vor dessen Kollaps zu warnen. Mantraartig den R\u00fccktritt von Gianni Infantino zu fordern, zeugt von ern\u00fcchternder Einfallslosigkeit.<\/p>\n<p><a href=\"https:\/\/www.nzz.ch\/meinung\/machtkampf-um-infantino-den-herrschern-des-fussballs-fehlt-eine-streitkultur-ld.10019329\" target=\"_blank\" class=\"\">https:\/\/www.nzz.ch\/meinung\/machtkampf-um-infantino-den-herrschern-des-fussballs-fehlt-eine-streitkultur-ld.10019329<\/a>\u00a0<\/p>\n","protected":false},"excerpt":{"rendered":"<p>Die Funktion\u00e4re der Uefa und anderer Verb\u00e4nde sollten mit der Fifa konstruktiv \u00fcber die Zukunft des Fussballs diskutieren, statt st\u00e4ndig vor dessen Kollaps zu warnen&#8230;.<\/p>\n","protected":false},"author":0,"featured_media":535785,"comment_status":"closed","ping_status":"closed","sticky":false,"template":"","format":"standard","meta":{"_jetpack_memberships_contains_paid_content":false,"footnotes":""},"categories":[6],"tags":[],"class_list":["post-535784","post","type-post","status-publish","format-standard","has-post-thumbnail","hentry","category-neue-zurcher-zeitung","wpcat-6-id"],"jetpack_featured_media_url":"https:\/\/livelycity.com\/switzerland\/wp-content\/uploads\/2026\/08\/bc17c583-fd36-455f-8e86-01400f7f19b1-5dDflY.jpg","jetpack_sharing_enabled":true,"_links":{"self":[{"href":"https:\/\/livelycity.com\/switzerland\/wp-json\/wp\/v2\/posts\/535784","targetHints":{"allow":["GET"]}}],"collection":[{"href":"https:\/\/livelycity.com\/switzerland\/wp-json\/wp\/v2\/posts"}],"about":[{"href":"https:\/\/livelycity.com\/switzerland\/wp-json\/wp\/v2\/types\/post"}],"replies":[{"embeddable":true,"href":"https:\/\/livelycity.com\/switzerland\/wp-json\/wp\/v2\/comments?post=535784"}],"version-history":[{"count":0,"href":"https:\/\/livelycity.com\/switzerland\/wp-json\/wp\/v2\/posts\/535784\/revisions"}],"wp:featuredmedia":[{"embeddable":true,"href":"https:\/\/livelycity.com\/switzerland\/wp-json\/wp\/v2\/media\/535785"}],"wp:attachment":[{"href":"https:\/\/livelycity.com\/switzerland\/wp-json\/wp\/v2\/media?parent=535784"}],"wp:term":[{"taxonomy":"category","embeddable":true,"href":"https:\/\/livelycity.com\/switzerland\/wp-json\/wp\/v2\/categories?post=535784"},{"taxonomy":"post_tag","embeddable":true,"href":"https:\/\/livelycity.com\/switzerland\/wp-json\/wp\/v2\/tags?post=535784"}],"curies":[{"name":"wp","href":"https:\/\/api.w.org\/{rel}","templated":true}]}}