{"id":535362,"date":"2026-08-17T12:31:45","date_gmt":"2026-08-17T12:31:45","guid":{"rendered":"https:\/\/livelycity.com\/switzerland\/vorwurfe-eines-online-portals-gegen-eine-zurcher-sp-kantonsratin-fuhren-zu-hitziger-debatte-im-parlament\/"},"modified":"2026-08-17T12:31:45","modified_gmt":"2026-08-17T12:31:45","slug":"vorwurfe-eines-online-portals-gegen-eine-zurcher-sp-kantonsratin-fuhren-zu-hitziger-debatte-im-parlament","status":"publish","type":"post","link":"https:\/\/livelycity.com\/switzerland\/vorwurfe-eines-online-portals-gegen-eine-zurcher-sp-kantonsratin-fuhren-zu-hitziger-debatte-im-parlament\/","title":{"rendered":"Vorw\u00fcrfe eines Online-Portals gegen eine Z\u00fcrcher SP-Kantonsr\u00e4tin f\u00fchren zu hitziger Debatte im Parlament"},"content":{"rendered":"<p>Die FDP wollte die Wahl von Birgit Tognella ins Ratssekretariat verschieben lassen. Sie hat aber keine Unterst\u00fctzer gefunden.<\/p>\n<p><a href=\"https:\/\/www.nzz.ch\/zuerich\/vorwuerfe-gegen-zuercher-sp-kantonsraetin-fuehren-zu-hitziger-debatte-im-parlament-ld.10019807\" target=\"_blank\" class=\"\">https:\/\/www.nzz.ch\/zuerich\/vorwuerfe-gegen-zuercher-sp-kantonsraetin-fuehren-zu-hitziger-debatte-im-parlament-ld.10019807<\/a>\u00a0<\/p>\n","protected":false},"excerpt":{"rendered":"<p>Die FDP wollte die Wahl von Birgit Tognella ins Ratssekretariat verschieben lassen. Sie hat aber keine Unterst\u00fctzer gefunden. https:\/\/www.nzz.ch\/zuerich\/vorwuerfe-gegen-zuercher-sp-kantonsraetin-fuehren-zu-hitziger-debatte-im-parlament-ld.10019807\u00a0<\/p>\n","protected":false},"author":0,"featured_media":535347,"comment_status":"closed","ping_status":"closed","sticky":false,"template":"","format":"standard","meta":{"_jetpack_memberships_contains_paid_content":false,"footnotes":""},"categories":[6],"tags":[],"class_list":["post-535362","post","type-post","status-publish","format-standard","has-post-thumbnail","hentry","category-neue-zurcher-zeitung","wpcat-6-id"],"jetpack_featured_media_url":"https:\/\/livelycity.com\/switzerland\/wp-content\/uploads\/2026\/08\/78601076-dae9-460e-a019-dc04d1cbe0d8-Du5R7d.jpg","jetpack_sharing_enabled":true,"_links":{"self":[{"href":"https:\/\/livelycity.com\/switzerland\/wp-json\/wp\/v2\/posts\/535362","targetHints":{"allow":["GET"]}}],"collection":[{"href":"https:\/\/livelycity.com\/switzerland\/wp-json\/wp\/v2\/posts"}],"about":[{"href":"https:\/\/livelycity.com\/switzerland\/wp-json\/wp\/v2\/types\/post"}],"replies":[{"embeddable":true,"href":"https:\/\/livelycity.com\/switzerland\/wp-json\/wp\/v2\/comments?post=535362"}],"version-history":[{"count":0,"href":"https:\/\/livelycity.com\/switzerland\/wp-json\/wp\/v2\/posts\/535362\/revisions"}],"wp:featuredmedia":[{"embeddable":true,"href":"https:\/\/livelycity.com\/switzerland\/wp-json\/wp\/v2\/media\/535347"}],"wp:attachment":[{"href":"https:\/\/livelycity.com\/switzerland\/wp-json\/wp\/v2\/media?parent=535362"}],"wp:term":[{"taxonomy":"category","embeddable":true,"href":"https:\/\/livelycity.com\/switzerland\/wp-json\/wp\/v2\/categories?post=535362"},{"taxonomy":"post_tag","embeddable":true,"href":"https:\/\/livelycity.com\/switzerland\/wp-json\/wp\/v2\/tags?post=535362"}],"curies":[{"name":"wp","href":"https:\/\/api.w.org\/{rel}","templated":true}]}}