{"id":523859,"date":"2026-07-28T17:00:58","date_gmt":"2026-07-28T17:00:58","guid":{"rendered":"https:\/\/livelycity.com\/switzerland\/georgina-in-der-kritik-ist-dieses-outfit-zu-knapp-furs-golfen\/"},"modified":"2026-07-28T17:00:58","modified_gmt":"2026-07-28T17:00:58","slug":"georgina-in-der-kritik-ist-dieses-outfit-zu-knapp-furs-golfen","status":"publish","type":"post","link":"https:\/\/livelycity.com\/switzerland\/georgina-in-der-kritik-ist-dieses-outfit-zu-knapp-furs-golfen\/","title":{"rendered":"Georgina in der Kritik: Ist dieses Outfit zu knapp f\u00fcrs Golfen?"},"content":{"rendered":"<p>Zu knapp f\u00fcr den Golfplatz? Georgina Rodriguez kassiert Kritik f\u00fcr ihr rosarotes Set. Fashion Consultant Sharon Jost, erkl\u00e4rt, weshalb der Look aneckt.<\/p>\n<p><a href=\"https:\/\/www.20min.ch\/story\/ganz-in-rosa-georgina-in-der-kritik-ist-dieses-outfit-zu-knapp-fuers-golfen-103609885\" target=\"_blank\" class=\"\">https:\/\/www.20min.ch\/story\/ganz-in-rosa-georgina-in-der-kritik-ist-dieses-outfit-zu-knapp-fuers-golfen-103609885<\/a>\u00a0<\/p>\n","protected":false},"excerpt":{"rendered":"<p>Zu knapp f\u00fcr den Golfplatz? Georgina Rodriguez kassiert Kritik f\u00fcr ihr rosarotes Set. Fashion Consultant Sharon Jost, erkl\u00e4rt, weshalb der Look aneckt. https:\/\/www.20min.ch\/story\/ganz-in-rosa-georgina-in-der-kritik-ist-dieses-outfit-zu-knapp-fuers-golfen-103609885\u00a0<\/p>\n","protected":false},"author":0,"featured_media":523468,"comment_status":"closed","ping_status":"closed","sticky":false,"template":"","format":"standard","meta":{"_jetpack_memberships_contains_paid_content":false,"footnotes":""},"categories":[3],"tags":[],"class_list":["post-523859","post","type-post","status-publish","format-standard","has-post-thumbnail","hentry","category-20-minuten","wpcat-3-id"],"jetpack_featured_media_url":"https:\/\/livelycity.com\/switzerland\/wp-content\/uploads\/2026\/07\/69946277-4de8-4a8a-bd8e-2530f6264270-zWB4m0-scaled.jpg","jetpack_sharing_enabled":true,"_links":{"self":[{"href":"https:\/\/livelycity.com\/switzerland\/wp-json\/wp\/v2\/posts\/523859","targetHints":{"allow":["GET"]}}],"collection":[{"href":"https:\/\/livelycity.com\/switzerland\/wp-json\/wp\/v2\/posts"}],"about":[{"href":"https:\/\/livelycity.com\/switzerland\/wp-json\/wp\/v2\/types\/post"}],"replies":[{"embeddable":true,"href":"https:\/\/livelycity.com\/switzerland\/wp-json\/wp\/v2\/comments?post=523859"}],"version-history":[{"count":0,"href":"https:\/\/livelycity.com\/switzerland\/wp-json\/wp\/v2\/posts\/523859\/revisions"}],"wp:featuredmedia":[{"embeddable":true,"href":"https:\/\/livelycity.com\/switzerland\/wp-json\/wp\/v2\/media\/523468"}],"wp:attachment":[{"href":"https:\/\/livelycity.com\/switzerland\/wp-json\/wp\/v2\/media?parent=523859"}],"wp:term":[{"taxonomy":"category","embeddable":true,"href":"https:\/\/livelycity.com\/switzerland\/wp-json\/wp\/v2\/categories?post=523859"},{"taxonomy":"post_tag","embeddable":true,"href":"https:\/\/livelycity.com\/switzerland\/wp-json\/wp\/v2\/tags?post=523859"}],"curies":[{"name":"wp","href":"https:\/\/api.w.org\/{rel}","templated":true}]}}