{"id":523741,"date":"2026-07-28T19:17:14","date_gmt":"2026-07-28T19:17:14","guid":{"rendered":"https:\/\/livelycity.com\/switzerland\/so-machte-elenas-arzt-aus-zwei-blinden-augen-ein-sehendes\/"},"modified":"2026-07-28T19:17:14","modified_gmt":"2026-07-28T19:17:14","slug":"so-machte-elenas-arzt-aus-zwei-blinden-augen-ein-sehendes","status":"publish","type":"post","link":"https:\/\/livelycity.com\/switzerland\/so-machte-elenas-arzt-aus-zwei-blinden-augen-ein-sehendes\/","title":{"rendered":"So machte\u00a0Elenas Arzt aus zwei blinden Augen ein sehendes"},"content":{"rendered":"<p>F\u00fcnf Jahre lebte Elena in v\u00f6lliger Dunkelheit. In einer noch nie zuvor durchgef\u00fchrten Transplantation hat ihr Augenspezialist Michele Reibaldi das Augenlicht zur\u00fcckgegeben.<\/p>\n<p><a href=\"https:\/\/www.20min.ch\/story\/fuenf-jahre-blindheit-so-machte-elenas-arzt-aus-zwei-blinden-augen-ein-sehendes-103609908\" target=\"_blank\" class=\"\">https:\/\/www.20min.ch\/story\/fuenf-jahre-blindheit-so-machte-elenas-arzt-aus-zwei-blinden-augen-ein-sehendes-103609908<\/a>\u00a0<\/p>\n","protected":false},"excerpt":{"rendered":"<p>F\u00fcnf Jahre lebte Elena in v\u00f6lliger Dunkelheit. In einer noch nie zuvor durchgef\u00fchrten Transplantation hat ihr Augenspezialist Michele Reibaldi das Augenlicht zur\u00fcckgegeben. https:\/\/www.20min.ch\/story\/fuenf-jahre-blindheit-so-machte-elenas-arzt-aus-zwei-blinden-augen-ein-sehendes-103609908\u00a0<\/p>\n","protected":false},"author":0,"featured_media":523560,"comment_status":"closed","ping_status":"closed","sticky":false,"template":"","format":"standard","meta":{"_jetpack_memberships_contains_paid_content":false,"footnotes":""},"categories":[3],"tags":[],"class_list":["post-523741","post","type-post","status-publish","format-standard","has-post-thumbnail","hentry","category-20-minuten","wpcat-3-id"],"jetpack_featured_media_url":"https:\/\/livelycity.com\/switzerland\/wp-content\/uploads\/2026\/07\/d2efebf8-15a1-4e9f-a834-76cfabe5c556-uiG1bR.jpg","jetpack_sharing_enabled":true,"_links":{"self":[{"href":"https:\/\/livelycity.com\/switzerland\/wp-json\/wp\/v2\/posts\/523741","targetHints":{"allow":["GET"]}}],"collection":[{"href":"https:\/\/livelycity.com\/switzerland\/wp-json\/wp\/v2\/posts"}],"about":[{"href":"https:\/\/livelycity.com\/switzerland\/wp-json\/wp\/v2\/types\/post"}],"replies":[{"embeddable":true,"href":"https:\/\/livelycity.com\/switzerland\/wp-json\/wp\/v2\/comments?post=523741"}],"version-history":[{"count":0,"href":"https:\/\/livelycity.com\/switzerland\/wp-json\/wp\/v2\/posts\/523741\/revisions"}],"wp:featuredmedia":[{"embeddable":true,"href":"https:\/\/livelycity.com\/switzerland\/wp-json\/wp\/v2\/media\/523560"}],"wp:attachment":[{"href":"https:\/\/livelycity.com\/switzerland\/wp-json\/wp\/v2\/media?parent=523741"}],"wp:term":[{"taxonomy":"category","embeddable":true,"href":"https:\/\/livelycity.com\/switzerland\/wp-json\/wp\/v2\/categories?post=523741"},{"taxonomy":"post_tag","embeddable":true,"href":"https:\/\/livelycity.com\/switzerland\/wp-json\/wp\/v2\/tags?post=523741"}],"curies":[{"name":"wp","href":"https:\/\/api.w.org\/{rel}","templated":true}]}}