{"id":523735,"date":"2026-07-28T17:49:26","date_gmt":"2026-07-28T17:49:26","guid":{"rendered":"https:\/\/livelycity.com\/switzerland\/waldbrande-in-den-ferien-wann-kannst-du-kostenlos-stornieren\/"},"modified":"2026-07-28T17:49:26","modified_gmt":"2026-07-28T17:49:26","slug":"waldbrande-in-den-ferien-wann-kannst-du-kostenlos-stornieren","status":"publish","type":"post","link":"https:\/\/livelycity.com\/switzerland\/waldbrande-in-den-ferien-wann-kannst-du-kostenlos-stornieren\/","title":{"rendered":"Waldbr\u00e4nde in den Ferien: Wann kannst du kostenlos stornieren?"},"content":{"rendered":"<p>Die Waldbr\u00e4nde in Spanien, Frankreich, Italien und Portugal verunsichern Ferienreisende. Der Reiseombudsmann erkl\u00e4rt, in welchen F\u00e4llen eine R\u00fcckerstattung der Reise m\u00f6glich ist.<\/p>\n<p><a href=\"https:\/\/www.20min.ch\/story\/tourismus-experte-erklaert-waldbraende-in-den-ferien-wann-kannst-du-kostenlos-stornieren-103609862\" target=\"_blank\" class=\"\">https:\/\/www.20min.ch\/story\/tourismus-experte-erklaert-waldbraende-in-den-ferien-wann-kannst-du-kostenlos-stornieren-103609862<\/a>\u00a0<\/p>\n","protected":false},"excerpt":{"rendered":"<p>Die Waldbr\u00e4nde in Spanien, Frankreich, Italien und Portugal verunsichern Ferienreisende. Der Reiseombudsmann erkl\u00e4rt, in welchen F\u00e4llen eine R\u00fcckerstattung der Reise m\u00f6glich ist. https:\/\/www.20min.ch\/story\/tourismus-experte-erklaert-waldbraende-in-den-ferien-wann-kannst-du-kostenlos-stornieren-103609862\u00a0<\/p>\n","protected":false},"author":0,"featured_media":523498,"comment_status":"closed","ping_status":"closed","sticky":false,"template":"","format":"standard","meta":{"_jetpack_memberships_contains_paid_content":false,"footnotes":""},"categories":[3],"tags":[],"class_list":["post-523735","post","type-post","status-publish","format-standard","has-post-thumbnail","hentry","category-20-minuten","wpcat-3-id"],"jetpack_featured_media_url":"https:\/\/livelycity.com\/switzerland\/wp-content\/uploads\/2026\/07\/d1693df5-ff8b-4b6b-ac2e-6f4dff287c63-yq7EGn-scaled.jpg","jetpack_sharing_enabled":true,"_links":{"self":[{"href":"https:\/\/livelycity.com\/switzerland\/wp-json\/wp\/v2\/posts\/523735","targetHints":{"allow":["GET"]}}],"collection":[{"href":"https:\/\/livelycity.com\/switzerland\/wp-json\/wp\/v2\/posts"}],"about":[{"href":"https:\/\/livelycity.com\/switzerland\/wp-json\/wp\/v2\/types\/post"}],"replies":[{"embeddable":true,"href":"https:\/\/livelycity.com\/switzerland\/wp-json\/wp\/v2\/comments?post=523735"}],"version-history":[{"count":0,"href":"https:\/\/livelycity.com\/switzerland\/wp-json\/wp\/v2\/posts\/523735\/revisions"}],"wp:featuredmedia":[{"embeddable":true,"href":"https:\/\/livelycity.com\/switzerland\/wp-json\/wp\/v2\/media\/523498"}],"wp:attachment":[{"href":"https:\/\/livelycity.com\/switzerland\/wp-json\/wp\/v2\/media?parent=523735"}],"wp:term":[{"taxonomy":"category","embeddable":true,"href":"https:\/\/livelycity.com\/switzerland\/wp-json\/wp\/v2\/categories?post=523735"},{"taxonomy":"post_tag","embeddable":true,"href":"https:\/\/livelycity.com\/switzerland\/wp-json\/wp\/v2\/tags?post=523735"}],"curies":[{"name":"wp","href":"https:\/\/api.w.org\/{rel}","templated":true}]}}