{"id":523734,"date":"2026-07-28T17:02:32","date_gmt":"2026-07-28T17:02:32","guid":{"rendered":"https:\/\/livelycity.com\/switzerland\/bireweich-bundesbern-will-feldessen-aus-estland-abwehren\/"},"modified":"2026-07-28T17:02:32","modified_gmt":"2026-07-28T17:02:32","slug":"bireweich-bundesbern-will-feldessen-aus-estland-abwehren","status":"publish","type":"post","link":"https:\/\/livelycity.com\/switzerland\/bireweich-bundesbern-will-feldessen-aus-estland-abwehren\/","title":{"rendered":"\u00abBireweich\u00bb: Bundesbern will Feldessen aus Estland abwehren"},"content":{"rendered":"<p>Die Armee bestellt Rationen f\u00fcr ihre Soldaten bei einem estnischen Anbieter. Bundesbern sch\u00fcttelt von rechts bis links den Kopf. Doch der Grund d\u00fcrfte nicht mangelnde Sensibilit\u00e4t sein, sondern die Vergabegesetze f\u00fcr \u00f6ffentliche Auftr\u00e4ge.<\/p>\n<p><a href=\"https:\/\/www.20min.ch\/story\/185-millionen-auftrag-bireweich-bundesbern-will-feldessen-aus-estland-abwehren-103609070\" target=\"_blank\" class=\"\">https:\/\/www.20min.ch\/story\/185-millionen-auftrag-bireweich-bundesbern-will-feldessen-aus-estland-abwehren-103609070<\/a>\u00a0<\/p>\n","protected":false},"excerpt":{"rendered":"<p>Die Armee bestellt Rationen f\u00fcr ihre Soldaten bei einem estnischen Anbieter. Bundesbern sch\u00fcttelt von rechts bis links den Kopf. Doch der Grund d\u00fcrfte nicht mangelnde&#8230;<\/p>\n","protected":false},"author":0,"featured_media":523464,"comment_status":"closed","ping_status":"closed","sticky":false,"template":"","format":"standard","meta":{"_jetpack_memberships_contains_paid_content":false,"footnotes":""},"categories":[3],"tags":[],"class_list":["post-523734","post","type-post","status-publish","format-standard","has-post-thumbnail","hentry","category-20-minuten","wpcat-3-id"],"jetpack_featured_media_url":"https:\/\/livelycity.com\/switzerland\/wp-content\/uploads\/2026\/07\/33901fb7-3c52-4da5-8238-3e4af371933a-TTOH2n.jpg","jetpack_sharing_enabled":true,"_links":{"self":[{"href":"https:\/\/livelycity.com\/switzerland\/wp-json\/wp\/v2\/posts\/523734","targetHints":{"allow":["GET"]}}],"collection":[{"href":"https:\/\/livelycity.com\/switzerland\/wp-json\/wp\/v2\/posts"}],"about":[{"href":"https:\/\/livelycity.com\/switzerland\/wp-json\/wp\/v2\/types\/post"}],"replies":[{"embeddable":true,"href":"https:\/\/livelycity.com\/switzerland\/wp-json\/wp\/v2\/comments?post=523734"}],"version-history":[{"count":0,"href":"https:\/\/livelycity.com\/switzerland\/wp-json\/wp\/v2\/posts\/523734\/revisions"}],"wp:featuredmedia":[{"embeddable":true,"href":"https:\/\/livelycity.com\/switzerland\/wp-json\/wp\/v2\/media\/523464"}],"wp:attachment":[{"href":"https:\/\/livelycity.com\/switzerland\/wp-json\/wp\/v2\/media?parent=523734"}],"wp:term":[{"taxonomy":"category","embeddable":true,"href":"https:\/\/livelycity.com\/switzerland\/wp-json\/wp\/v2\/categories?post=523734"},{"taxonomy":"post_tag","embeddable":true,"href":"https:\/\/livelycity.com\/switzerland\/wp-json\/wp\/v2\/tags?post=523734"}],"curies":[{"name":"wp","href":"https:\/\/api.w.org\/{rel}","templated":true}]}}