{"id":523524,"date":"2026-07-28T18:28:28","date_gmt":"2026-07-28T18:28:28","guid":{"rendered":"https:\/\/livelycity.com\/switzerland\/trump-empfangt-selenski-und-netanyahu-die-trauerfeier-fur-lindsey-graham-wird-zum-diplomatischen-gipfeltreffen\/"},"modified":"2026-07-28T18:28:28","modified_gmt":"2026-07-28T18:28:28","slug":"trump-empfangt-selenski-und-netanyahu-die-trauerfeier-fur-lindsey-graham-wird-zum-diplomatischen-gipfeltreffen","status":"publish","type":"post","link":"https:\/\/livelycity.com\/switzerland\/trump-empfangt-selenski-und-netanyahu-die-trauerfeier-fur-lindsey-graham-wird-zum-diplomatischen-gipfeltreffen\/","title":{"rendered":"Trump empf\u00e4ngt Selenski und Netanyahu: Die Trauerfeier f\u00fcr Lindsey Graham wird zum diplomatischen Gipfeltreffen"},"content":{"rendered":"<p>Die Beerdigung des Senators und f\u00fchrenden Aussenpolitikers Lindsey Graham hat in Washington einen Gespr\u00e4chsreigen zu den Kriegen in der Ukraine und in Iran entfacht. Im Senat stehen sch\u00e4rfere Russland-Sanktionen kurz vor dem Durchbruch.<\/p>\n<p><a href=\"https:\/\/www.nzz.ch\/international\/trump-empfaengt-selenski-und-netanyahu-im-weissen-haus-die-trauerfeier-fuer-lindsey-graham-wird-zum-diplomatischen-gipfeltreffen-ld.10017340\" target=\"_blank\" class=\"\">https:\/\/www.nzz.ch\/international\/trump-empfaengt-selenski-und-netanyahu-im-weissen-haus-die-trauerfeier-fuer-lindsey-graham-wird-zum-diplomatischen-gipfeltreffen-ld.10017340<\/a>\u00a0<\/p>\n","protected":false},"excerpt":{"rendered":"<p>Die Beerdigung des Senators und f\u00fchrenden Aussenpolitikers Lindsey Graham hat in Washington einen Gespr\u00e4chsreigen zu den Kriegen in der Ukraine und in Iran entfacht. Im&#8230;<\/p>\n","protected":false},"author":0,"featured_media":523525,"comment_status":"closed","ping_status":"closed","sticky":false,"template":"","format":"standard","meta":{"_jetpack_memberships_contains_paid_content":false,"footnotes":""},"categories":[6],"tags":[],"class_list":["post-523524","post","type-post","status-publish","format-standard","has-post-thumbnail","hentry","category-neue-zurcher-zeitung","wpcat-6-id"],"jetpack_featured_media_url":"https:\/\/livelycity.com\/switzerland\/wp-content\/uploads\/2026\/07\/1bc9d6f7-88dd-497c-bab2-67205ae908fb-uqLYEB.jpg","jetpack_sharing_enabled":true,"_links":{"self":[{"href":"https:\/\/livelycity.com\/switzerland\/wp-json\/wp\/v2\/posts\/523524","targetHints":{"allow":["GET"]}}],"collection":[{"href":"https:\/\/livelycity.com\/switzerland\/wp-json\/wp\/v2\/posts"}],"about":[{"href":"https:\/\/livelycity.com\/switzerland\/wp-json\/wp\/v2\/types\/post"}],"replies":[{"embeddable":true,"href":"https:\/\/livelycity.com\/switzerland\/wp-json\/wp\/v2\/comments?post=523524"}],"version-history":[{"count":0,"href":"https:\/\/livelycity.com\/switzerland\/wp-json\/wp\/v2\/posts\/523524\/revisions"}],"wp:featuredmedia":[{"embeddable":true,"href":"https:\/\/livelycity.com\/switzerland\/wp-json\/wp\/v2\/media\/523525"}],"wp:attachment":[{"href":"https:\/\/livelycity.com\/switzerland\/wp-json\/wp\/v2\/media?parent=523524"}],"wp:term":[{"taxonomy":"category","embeddable":true,"href":"https:\/\/livelycity.com\/switzerland\/wp-json\/wp\/v2\/categories?post=523524"},{"taxonomy":"post_tag","embeddable":true,"href":"https:\/\/livelycity.com\/switzerland\/wp-json\/wp\/v2\/tags?post=523524"}],"curies":[{"name":"wp","href":"https:\/\/api.w.org\/{rel}","templated":true}]}}