{"id":523492,"date":"2026-07-28T12:57:53","date_gmt":"2026-07-28T12:57:53","guid":{"rendered":"https:\/\/livelycity.com\/switzerland\/ruedu-schliesst-alle-standorte-elf-mitarbeiter-verlieren-stelle\/"},"modified":"2026-07-28T12:57:53","modified_gmt":"2026-07-28T12:57:53","slug":"ruedu-schliesst-alle-standorte-elf-mitarbeiter-verlieren-stelle","status":"publish","type":"post","link":"https:\/\/livelycity.com\/switzerland\/ruedu-schliesst-alle-standorte-elf-mitarbeiter-verlieren-stelle\/","title":{"rendered":"R\u00fcedu schliesst alle Standorte, elf Mitarbeiter verlieren Stelle"},"content":{"rendered":"<p>Die Hofladen-Kette R\u00fcedu hat den Betrieb eingestellt. Gutscheine k\u00f6nnen nicht mehr eingel\u00f6st werden, Bestellungen werden nicht mehr ausgeliefert.<\/p>\n<p><a href=\"https:\/\/www.20min.ch\/story\/hofladen-rueedu-schliesst-alle-standorte-elf-mitarbeiter-verlieren-stelle-103610061\" target=\"_blank\" class=\"\">https:\/\/www.20min.ch\/story\/hofladen-rueedu-schliesst-alle-standorte-elf-mitarbeiter-verlieren-stelle-103610061<\/a>\u00a0<\/p>\n","protected":false},"excerpt":{"rendered":"<p>Die Hofladen-Kette R\u00fcedu hat den Betrieb eingestellt. Gutscheine k\u00f6nnen nicht mehr eingel\u00f6st werden, Bestellungen werden nicht mehr ausgeliefert. https:\/\/www.20min.ch\/story\/hofladen-rueedu-schliesst-alle-standorte-elf-mitarbeiter-verlieren-stelle-103610061\u00a0<\/p>\n","protected":false},"author":0,"featured_media":523459,"comment_status":"closed","ping_status":"closed","sticky":false,"template":"","format":"standard","meta":{"_jetpack_memberships_contains_paid_content":false,"footnotes":""},"categories":[3],"tags":[],"class_list":["post-523492","post","type-post","status-publish","format-standard","has-post-thumbnail","hentry","category-20-minuten","wpcat-3-id"],"jetpack_featured_media_url":"https:\/\/livelycity.com\/switzerland\/wp-content\/uploads\/2026\/07\/f35d5267-9ed4-4e9d-b16f-3474a7b737fd-qghnM2-scaled.jpg","jetpack_sharing_enabled":true,"_links":{"self":[{"href":"https:\/\/livelycity.com\/switzerland\/wp-json\/wp\/v2\/posts\/523492","targetHints":{"allow":["GET"]}}],"collection":[{"href":"https:\/\/livelycity.com\/switzerland\/wp-json\/wp\/v2\/posts"}],"about":[{"href":"https:\/\/livelycity.com\/switzerland\/wp-json\/wp\/v2\/types\/post"}],"replies":[{"embeddable":true,"href":"https:\/\/livelycity.com\/switzerland\/wp-json\/wp\/v2\/comments?post=523492"}],"version-history":[{"count":0,"href":"https:\/\/livelycity.com\/switzerland\/wp-json\/wp\/v2\/posts\/523492\/revisions"}],"wp:featuredmedia":[{"embeddable":true,"href":"https:\/\/livelycity.com\/switzerland\/wp-json\/wp\/v2\/media\/523459"}],"wp:attachment":[{"href":"https:\/\/livelycity.com\/switzerland\/wp-json\/wp\/v2\/media?parent=523492"}],"wp:term":[{"taxonomy":"category","embeddable":true,"href":"https:\/\/livelycity.com\/switzerland\/wp-json\/wp\/v2\/categories?post=523492"},{"taxonomy":"post_tag","embeddable":true,"href":"https:\/\/livelycity.com\/switzerland\/wp-json\/wp\/v2\/tags?post=523492"}],"curies":[{"name":"wp","href":"https:\/\/api.w.org\/{rel}","templated":true}]}}