{"id":523443,"date":"2026-07-28T13:49:43","date_gmt":"2026-07-28T13:49:43","guid":{"rendered":"https:\/\/livelycity.com\/switzerland\/zinedine-zidane-wird-neuer-frankreich-coach-roberto-mancini-ubernimmt-die-italienische-nationalmannschaft\/"},"modified":"2026-07-28T13:49:43","modified_gmt":"2026-07-28T13:49:43","slug":"zinedine-zidane-wird-neuer-frankreich-coach-roberto-mancini-ubernimmt-die-italienische-nationalmannschaft","status":"publish","type":"post","link":"https:\/\/livelycity.com\/switzerland\/zinedine-zidane-wird-neuer-frankreich-coach-roberto-mancini-ubernimmt-die-italienische-nationalmannschaft\/","title":{"rendered":"Zinedine Zidane wird neuer Frankreich-Coach \u2013 Roberto Mancini \u00fcbernimmt die italienische Nationalmannschaft"},"content":{"rendered":"<p>Die Fussball-Legende Zidane wurde schon l\u00e4nger als Nachfolger von Didier Dechamps gehandelt. Mit Mancini kehrt ein alter Bekannter nach Italien zur\u00fcck.<\/p>\n<p><a href=\"https:\/\/www.nzz.ch\/sport\/zinedine-zidane-wird-neuer-frankreich-coach-roberto-mancini-uebernimmt-die-italienische-mannschaft-ld.10017350\" target=\"_blank\" class=\"\">https:\/\/www.nzz.ch\/sport\/zinedine-zidane-wird-neuer-frankreich-coach-roberto-mancini-uebernimmt-die-italienische-mannschaft-ld.10017350<\/a>\u00a0<\/p>\n","protected":false},"excerpt":{"rendered":"<p>Die Fussball-Legende Zidane wurde schon l\u00e4nger als Nachfolger von Didier Dechamps gehandelt. Mit Mancini kehrt ein alter Bekannter nach Italien zur\u00fcck. https:\/\/www.nzz.ch\/sport\/zinedine-zidane-wird-neuer-frankreich-coach-roberto-mancini-uebernimmt-die-italienische-mannschaft-ld.10017350\u00a0<\/p>\n","protected":false},"author":0,"featured_media":523444,"comment_status":"closed","ping_status":"closed","sticky":false,"template":"","format":"standard","meta":{"_jetpack_memberships_contains_paid_content":false,"footnotes":""},"categories":[6],"tags":[],"class_list":["post-523443","post","type-post","status-publish","format-standard","has-post-thumbnail","hentry","category-neue-zurcher-zeitung","wpcat-6-id"],"jetpack_featured_media_url":"https:\/\/livelycity.com\/switzerland\/wp-content\/uploads\/2026\/07\/c3a8f0b2-5010-4bd5-857d-27f4631b9a79-cC3q72.jpg","jetpack_sharing_enabled":true,"_links":{"self":[{"href":"https:\/\/livelycity.com\/switzerland\/wp-json\/wp\/v2\/posts\/523443","targetHints":{"allow":["GET"]}}],"collection":[{"href":"https:\/\/livelycity.com\/switzerland\/wp-json\/wp\/v2\/posts"}],"about":[{"href":"https:\/\/livelycity.com\/switzerland\/wp-json\/wp\/v2\/types\/post"}],"replies":[{"embeddable":true,"href":"https:\/\/livelycity.com\/switzerland\/wp-json\/wp\/v2\/comments?post=523443"}],"version-history":[{"count":0,"href":"https:\/\/livelycity.com\/switzerland\/wp-json\/wp\/v2\/posts\/523443\/revisions"}],"wp:featuredmedia":[{"embeddable":true,"href":"https:\/\/livelycity.com\/switzerland\/wp-json\/wp\/v2\/media\/523444"}],"wp:attachment":[{"href":"https:\/\/livelycity.com\/switzerland\/wp-json\/wp\/v2\/media?parent=523443"}],"wp:term":[{"taxonomy":"category","embeddable":true,"href":"https:\/\/livelycity.com\/switzerland\/wp-json\/wp\/v2\/categories?post=523443"},{"taxonomy":"post_tag","embeddable":true,"href":"https:\/\/livelycity.com\/switzerland\/wp-json\/wp\/v2\/tags?post=523443"}],"curies":[{"name":"wp","href":"https:\/\/api.w.org\/{rel}","templated":true}]}}