{"id":523439,"date":"2026-07-28T14:07:48","date_gmt":"2026-07-28T14:07:48","guid":{"rendered":"https:\/\/livelycity.com\/switzerland\/new-ways-jetzt-macht-die-lufthansa-beim-stellenabbau-in-deutschland-ernst\/"},"modified":"2026-07-28T14:07:48","modified_gmt":"2026-07-28T14:07:48","slug":"new-ways-jetzt-macht-die-lufthansa-beim-stellenabbau-in-deutschland-ernst","status":"publish","type":"post","link":"https:\/\/livelycity.com\/switzerland\/new-ways-jetzt-macht-die-lufthansa-beim-stellenabbau-in-deutschland-ernst\/","title":{"rendered":"\u00abNew Ways\u00bb: Jetzt macht die Lufthansa beim Stellenabbau in Deutschland Ernst"},"content":{"rendered":"<p>Als Teil eines bereits angek\u00fcndigten Sparprogramms will die Lufthansa 550 Arbeitspl\u00e4tze in der Verwaltung streichen. Bis 2030 sollen 4000 Besch\u00e4ftigte gehen. Auch die Swiss baut Stellen ab.<\/p>\n<p><a href=\"https:\/\/www.nzz.ch\/wirtschaft\/new-ways-jetzt-macht-die-lufthansa-beim-stellenabbau-in-deutschland-ernst-ld.10017290\" target=\"_blank\" class=\"\">https:\/\/www.nzz.ch\/wirtschaft\/new-ways-jetzt-macht-die-lufthansa-beim-stellenabbau-in-deutschland-ernst-ld.10017290<\/a>\u00a0<\/p>\n","protected":false},"excerpt":{"rendered":"<p>Als Teil eines bereits angek\u00fcndigten Sparprogramms will die Lufthansa 550 Arbeitspl\u00e4tze in der Verwaltung streichen. Bis 2030 sollen 4000 Besch\u00e4ftigte gehen. Auch die Swiss baut&#8230;<\/p>\n","protected":false},"author":0,"featured_media":523440,"comment_status":"closed","ping_status":"closed","sticky":false,"template":"","format":"standard","meta":{"_jetpack_memberships_contains_paid_content":false,"footnotes":""},"categories":[6],"tags":[],"class_list":["post-523439","post","type-post","status-publish","format-standard","has-post-thumbnail","hentry","category-neue-zurcher-zeitung","wpcat-6-id"],"jetpack_featured_media_url":"https:\/\/livelycity.com\/switzerland\/wp-content\/uploads\/2026\/07\/b71e7616-1957-4a5f-ade5-d33670def5a2-5DXBcZ.jpg","jetpack_sharing_enabled":true,"_links":{"self":[{"href":"https:\/\/livelycity.com\/switzerland\/wp-json\/wp\/v2\/posts\/523439","targetHints":{"allow":["GET"]}}],"collection":[{"href":"https:\/\/livelycity.com\/switzerland\/wp-json\/wp\/v2\/posts"}],"about":[{"href":"https:\/\/livelycity.com\/switzerland\/wp-json\/wp\/v2\/types\/post"}],"replies":[{"embeddable":true,"href":"https:\/\/livelycity.com\/switzerland\/wp-json\/wp\/v2\/comments?post=523439"}],"version-history":[{"count":0,"href":"https:\/\/livelycity.com\/switzerland\/wp-json\/wp\/v2\/posts\/523439\/revisions"}],"wp:featuredmedia":[{"embeddable":true,"href":"https:\/\/livelycity.com\/switzerland\/wp-json\/wp\/v2\/media\/523440"}],"wp:attachment":[{"href":"https:\/\/livelycity.com\/switzerland\/wp-json\/wp\/v2\/media?parent=523439"}],"wp:term":[{"taxonomy":"category","embeddable":true,"href":"https:\/\/livelycity.com\/switzerland\/wp-json\/wp\/v2\/categories?post=523439"},{"taxonomy":"post_tag","embeddable":true,"href":"https:\/\/livelycity.com\/switzerland\/wp-json\/wp\/v2\/tags?post=523439"}],"curies":[{"name":"wp","href":"https:\/\/api.w.org\/{rel}","templated":true}]}}