{"id":523433,"date":"2026-07-28T14:58:32","date_gmt":"2026-07-28T14:58:32","guid":{"rendered":"https:\/\/livelycity.com\/switzerland\/kommentar-stadt-zurich-fahrt-mit-ihrem-sans-papiers-sonderzugli-gegen-die-wand-ein-weiterzug-ans-bundesgericht-ware-reine-zwangerei\/"},"modified":"2026-07-28T14:58:32","modified_gmt":"2026-07-28T14:58:32","slug":"kommentar-stadt-zurich-fahrt-mit-ihrem-sans-papiers-sonderzugli-gegen-die-wand-ein-weiterzug-ans-bundesgericht-ware-reine-zwangerei","status":"publish","type":"post","link":"https:\/\/livelycity.com\/switzerland\/kommentar-stadt-zurich-fahrt-mit-ihrem-sans-papiers-sonderzugli-gegen-die-wand-ein-weiterzug-ans-bundesgericht-ware-reine-zwangerei\/","title":{"rendered":"KOMMENTAR &#8211; Stadt Z\u00fcrich f\u00e4hrt mit ihrem Sans-Papiers-Sonderz\u00fcgli gegen die Wand \u2013 ein Weiterzug ans Bundesgericht w\u00e4re reine Zw\u00e4ngerei"},"content":{"rendered":"<p>Das Verwaltungsgericht taxiert die alternative Sozialhilfe der Stadt als widerrechtlich. Es folgt damit dem Urteil der Vorinstanzen.<\/p>\n<p><a href=\"https:\/\/www.nzz.ch\/meinung\/stadt-zuerich-faehrt-mit-ihrem-sans-papiers-sonderzuegli-gegen-die-wand-ein-weiterzug-ans-bundesgericht-waere-reine-zwaengerei-ld.10017280\" target=\"_blank\" class=\"\">https:\/\/www.nzz.ch\/meinung\/stadt-zuerich-faehrt-mit-ihrem-sans-papiers-sonderzuegli-gegen-die-wand-ein-weiterzug-ans-bundesgericht-waere-reine-zwaengerei-ld.10017280<\/a>\u00a0<\/p>\n","protected":false},"excerpt":{"rendered":"<p>Das Verwaltungsgericht taxiert die alternative Sozialhilfe der Stadt als widerrechtlich. Es folgt damit dem Urteil der Vorinstanzen. https:\/\/www.nzz.ch\/meinung\/stadt-zuerich-faehrt-mit-ihrem-sans-papiers-sonderzuegli-gegen-die-wand-ein-weiterzug-ans-bundesgericht-waere-reine-zwaengerei-ld.10017280\u00a0<\/p>\n","protected":false},"author":0,"featured_media":523434,"comment_status":"closed","ping_status":"closed","sticky":false,"template":"","format":"standard","meta":{"_jetpack_memberships_contains_paid_content":false,"footnotes":""},"categories":[6],"tags":[],"class_list":["post-523433","post","type-post","status-publish","format-standard","has-post-thumbnail","hentry","category-neue-zurcher-zeitung","wpcat-6-id"],"jetpack_featured_media_url":"https:\/\/livelycity.com\/switzerland\/wp-content\/uploads\/2026\/07\/7cdf03bc-f026-4da8-a7f1-2b24b5877632-snGTxC.jpg","jetpack_sharing_enabled":true,"_links":{"self":[{"href":"https:\/\/livelycity.com\/switzerland\/wp-json\/wp\/v2\/posts\/523433","targetHints":{"allow":["GET"]}}],"collection":[{"href":"https:\/\/livelycity.com\/switzerland\/wp-json\/wp\/v2\/posts"}],"about":[{"href":"https:\/\/livelycity.com\/switzerland\/wp-json\/wp\/v2\/types\/post"}],"replies":[{"embeddable":true,"href":"https:\/\/livelycity.com\/switzerland\/wp-json\/wp\/v2\/comments?post=523433"}],"version-history":[{"count":0,"href":"https:\/\/livelycity.com\/switzerland\/wp-json\/wp\/v2\/posts\/523433\/revisions"}],"wp:featuredmedia":[{"embeddable":true,"href":"https:\/\/livelycity.com\/switzerland\/wp-json\/wp\/v2\/media\/523434"}],"wp:attachment":[{"href":"https:\/\/livelycity.com\/switzerland\/wp-json\/wp\/v2\/media?parent=523433"}],"wp:term":[{"taxonomy":"category","embeddable":true,"href":"https:\/\/livelycity.com\/switzerland\/wp-json\/wp\/v2\/categories?post=523433"},{"taxonomy":"post_tag","embeddable":true,"href":"https:\/\/livelycity.com\/switzerland\/wp-json\/wp\/v2\/tags?post=523433"}],"curies":[{"name":"wp","href":"https:\/\/api.w.org\/{rel}","templated":true}]}}