{"id":523429,"date":"2026-07-28T15:51:20","date_gmt":"2026-07-28T15:51:20","guid":{"rendered":"https:\/\/livelycity.com\/switzerland\/der-andere-blick-horrorsommer-fur-merz-der-deutsche-kanzler-bringt-seine-partei-gegen-sich-auf-daran-ist-er-selber-schuld\/"},"modified":"2026-07-28T15:51:20","modified_gmt":"2026-07-28T15:51:20","slug":"der-andere-blick-horrorsommer-fur-merz-der-deutsche-kanzler-bringt-seine-partei-gegen-sich-auf-daran-ist-er-selber-schuld","status":"publish","type":"post","link":"https:\/\/livelycity.com\/switzerland\/der-andere-blick-horrorsommer-fur-merz-der-deutsche-kanzler-bringt-seine-partei-gegen-sich-auf-daran-ist-er-selber-schuld\/","title":{"rendered":"DER ANDERE BLICK &#8211; Horrorsommer f\u00fcr Merz: Der deutsche Kanzler bringt seine Partei gegen sich auf. Daran ist er selber schuld"},"content":{"rendered":"<p>Kanzler Merz unterlaufen st\u00e4ndig handwerkliche Fehler. Das zeigte die j\u00fcngste Kabinettsumbildung. Gleichzeitig nimmt er R\u00fccksicht auf Leute, die sowieso nichts von ihm halten. Das kann nicht gutgehen.<\/p>\n<p><a href=\"https:\/\/www.nzz.ch\/der-andere-blick\/horrorsommer-fuer-merz-der-deutsche-kanzler-bringt-seine-partei-gegen-sich-auf-daran-ist-er-selber-schuld-ld.10017286\" target=\"_blank\" class=\"\">https:\/\/www.nzz.ch\/der-andere-blick\/horrorsommer-fuer-merz-der-deutsche-kanzler-bringt-seine-partei-gegen-sich-auf-daran-ist-er-selber-schuld-ld.10017286<\/a>\u00a0<\/p>\n","protected":false},"excerpt":{"rendered":"<p>Kanzler Merz unterlaufen st\u00e4ndig handwerkliche Fehler. Das zeigte die j\u00fcngste Kabinettsumbildung. Gleichzeitig nimmt er R\u00fccksicht auf Leute, die sowieso nichts von ihm halten. Das kann&#8230;<\/p>\n","protected":false},"author":0,"featured_media":523430,"comment_status":"closed","ping_status":"closed","sticky":false,"template":"","format":"standard","meta":{"_jetpack_memberships_contains_paid_content":false,"footnotes":""},"categories":[6],"tags":[],"class_list":["post-523429","post","type-post","status-publish","format-standard","has-post-thumbnail","hentry","category-neue-zurcher-zeitung","wpcat-6-id"],"jetpack_featured_media_url":"https:\/\/livelycity.com\/switzerland\/wp-content\/uploads\/2026\/07\/bcae7bda-8816-43a6-a40c-8ec3ecfa83ac-4uas3k.jpg","jetpack_sharing_enabled":true,"_links":{"self":[{"href":"https:\/\/livelycity.com\/switzerland\/wp-json\/wp\/v2\/posts\/523429","targetHints":{"allow":["GET"]}}],"collection":[{"href":"https:\/\/livelycity.com\/switzerland\/wp-json\/wp\/v2\/posts"}],"about":[{"href":"https:\/\/livelycity.com\/switzerland\/wp-json\/wp\/v2\/types\/post"}],"replies":[{"embeddable":true,"href":"https:\/\/livelycity.com\/switzerland\/wp-json\/wp\/v2\/comments?post=523429"}],"version-history":[{"count":0,"href":"https:\/\/livelycity.com\/switzerland\/wp-json\/wp\/v2\/posts\/523429\/revisions"}],"wp:featuredmedia":[{"embeddable":true,"href":"https:\/\/livelycity.com\/switzerland\/wp-json\/wp\/v2\/media\/523430"}],"wp:attachment":[{"href":"https:\/\/livelycity.com\/switzerland\/wp-json\/wp\/v2\/media?parent=523429"}],"wp:term":[{"taxonomy":"category","embeddable":true,"href":"https:\/\/livelycity.com\/switzerland\/wp-json\/wp\/v2\/categories?post=523429"},{"taxonomy":"post_tag","embeddable":true,"href":"https:\/\/livelycity.com\/switzerland\/wp-json\/wp\/v2\/tags?post=523429"}],"curies":[{"name":"wp","href":"https:\/\/api.w.org\/{rel}","templated":true}]}}