{"id":523408,"date":"2026-07-28T03:07:00","date_gmt":"2026-07-28T03:07:00","guid":{"rendered":"https:\/\/livelycity.com\/switzerland\/die-lager-sind-grosstenteils-leer-ventilatoren-und-klimaanlagen-werden-zur-mangelware\/"},"modified":"2026-07-28T03:07:00","modified_gmt":"2026-07-28T03:07:00","slug":"die-lager-sind-grosstenteils-leer-ventilatoren-und-klimaanlagen-werden-zur-mangelware","status":"publish","type":"post","link":"https:\/\/livelycity.com\/switzerland\/die-lager-sind-grosstenteils-leer-ventilatoren-und-klimaanlagen-werden-zur-mangelware\/","title":{"rendered":"\u00abDie Lager sind gr\u00f6sstenteils leer\u00bb: Ventilatoren und Klimaanlagen werden zur Mangelware"},"content":{"rendered":"<p>Ab Dienstag rollt die n\u00e4chste Hitzewelle des Sommers heran. H\u00e4ndler melden Rekordzahlen und leer gekaufte Regale bei K\u00fchlger\u00e4ten. Hochwertige Modelle sind begehrt \u2013 erst recht an der Goldk\u00fcste am Z\u00fcrichsee.<\/p>\n<p><a href=\"https:\/\/www.nzz.ch\/zuerich\/die-lager-sind-groesstenteils-leer-ventilatoren-und-klimaanlagen-werden-zur-mangelware-ld.10017132\" target=\"_blank\" class=\"\">https:\/\/www.nzz.ch\/zuerich\/die-lager-sind-groesstenteils-leer-ventilatoren-und-klimaanlagen-werden-zur-mangelware-ld.10017132<\/a>\u00a0<\/p>\n","protected":false},"excerpt":{"rendered":"<p>Ab Dienstag rollt die n\u00e4chste Hitzewelle des Sommers heran. H\u00e4ndler melden Rekordzahlen und leer gekaufte Regale bei K\u00fchlger\u00e4ten. Hochwertige Modelle sind begehrt \u2013 erst recht&#8230;<\/p>\n","protected":false},"author":0,"featured_media":523409,"comment_status":"closed","ping_status":"closed","sticky":false,"template":"","format":"standard","meta":{"_jetpack_memberships_contains_paid_content":false,"footnotes":""},"categories":[9],"tags":[],"class_list":["post-523408","post","type-post","status-publish","format-standard","has-post-thumbnail","hentry","category-zurich-news","wpcat-9-id"],"jetpack_featured_media_url":"https:\/\/livelycity.com\/switzerland\/wp-content\/uploads\/2026\/07\/fcb6759e-44b1-4a24-b973-392a81afbed8-pHp0lj.jpg","jetpack_sharing_enabled":true,"_links":{"self":[{"href":"https:\/\/livelycity.com\/switzerland\/wp-json\/wp\/v2\/posts\/523408","targetHints":{"allow":["GET"]}}],"collection":[{"href":"https:\/\/livelycity.com\/switzerland\/wp-json\/wp\/v2\/posts"}],"about":[{"href":"https:\/\/livelycity.com\/switzerland\/wp-json\/wp\/v2\/types\/post"}],"replies":[{"embeddable":true,"href":"https:\/\/livelycity.com\/switzerland\/wp-json\/wp\/v2\/comments?post=523408"}],"version-history":[{"count":0,"href":"https:\/\/livelycity.com\/switzerland\/wp-json\/wp\/v2\/posts\/523408\/revisions"}],"wp:featuredmedia":[{"embeddable":true,"href":"https:\/\/livelycity.com\/switzerland\/wp-json\/wp\/v2\/media\/523409"}],"wp:attachment":[{"href":"https:\/\/livelycity.com\/switzerland\/wp-json\/wp\/v2\/media?parent=523408"}],"wp:term":[{"taxonomy":"category","embeddable":true,"href":"https:\/\/livelycity.com\/switzerland\/wp-json\/wp\/v2\/categories?post=523408"},{"taxonomy":"post_tag","embeddable":true,"href":"https:\/\/livelycity.com\/switzerland\/wp-json\/wp\/v2\/tags?post=523408"}],"curies":[{"name":"wp","href":"https:\/\/api.w.org\/{rel}","templated":true}]}}