{"id":494649,"date":"2026-06-16T00:37:00","date_gmt":"2026-06-16T00:37:00","guid":{"rendered":"https:\/\/livelycity.com\/switzerland\/kultur-jazzpianist-abdallah-ibrahim-mit-91-jahren-gestorben\/"},"modified":"2026-06-16T00:37:00","modified_gmt":"2026-06-16T00:37:00","slug":"kultur-jazzpianist-abdallah-ibrahim-mit-91-jahren-gestorben","status":"publish","type":"post","link":"https:\/\/livelycity.com\/switzerland\/kultur-jazzpianist-abdallah-ibrahim-mit-91-jahren-gestorben\/","title":{"rendered":"Kultur: Jazzpianist Abdallah Ibrahim mit 91 Jahren gestorben"},"content":{"rendered":"<p>Die neuesten Meldungen aus dem Feuilleton. (dpa) Der weltber\u00fchmte Jazzpianist Abdallah Ibrahim ist tot. Der Musiker sei im Alter von 91 gestorben, teilte S\u00fcdafrikas Pr\u00e4sident Cyril Ramaphosa unter Ber &#8230;<\/p>\n<p><a href=\"http:\/\/www.bing.com\/news\/apiclick.aspx?ref=FexRss&amp;aid=&amp;tid=6a31234d7e934c41912348af4594cc31&amp;url=https%3A%2F%2Fwww.nzz.ch%2Ffeuilleton%2Fkultur-jazzlegende-abdullah-ibrahim-mit-91-jahren-gestorben-ld.10011480&amp;c=11131232678704918177&amp;mkt=en-us\" target=\"_blank\" class=\"\">http:\/\/www.bing.com\/news\/apiclick.aspx?ref=FexRss&amp;aid=&amp;tid=6a31234d7e934c41912348af4594cc31&amp;url=https%3A%2F%2Fwww.nzz.ch%2Ffeuilleton%2Fkultur-jazzlegende-abdullah-ibrahim-mit-91-jahren-gestorben-ld.10011480&amp;c=11131232678704918177&amp;mkt=en-us<\/a>\u00a0<\/p>\n","protected":false},"excerpt":{"rendered":"<p>Die neuesten Meldungen aus dem Feuilleton. (dpa) Der weltber\u00fchmte Jazzpianist Abdallah Ibrahim ist tot. Der Musiker sei im Alter von 91 gestorben, teilte S\u00fcdafrikas Pr\u00e4sident&#8230;<\/p>\n","protected":false},"author":0,"featured_media":0,"comment_status":"closed","ping_status":"closed","sticky":false,"template":"","format":"standard","meta":{"_jetpack_memberships_contains_paid_content":false,"footnotes":""},"categories":[2],"tags":[],"class_list":["post-494649","post","type-post","status-publish","format-standard","hentry","category-news","wpcat-2-id"],"jetpack_featured_media_url":"","jetpack_sharing_enabled":true,"_links":{"self":[{"href":"https:\/\/livelycity.com\/switzerland\/wp-json\/wp\/v2\/posts\/494649","targetHints":{"allow":["GET"]}}],"collection":[{"href":"https:\/\/livelycity.com\/switzerland\/wp-json\/wp\/v2\/posts"}],"about":[{"href":"https:\/\/livelycity.com\/switzerland\/wp-json\/wp\/v2\/types\/post"}],"replies":[{"embeddable":true,"href":"https:\/\/livelycity.com\/switzerland\/wp-json\/wp\/v2\/comments?post=494649"}],"version-history":[{"count":0,"href":"https:\/\/livelycity.com\/switzerland\/wp-json\/wp\/v2\/posts\/494649\/revisions"}],"wp:attachment":[{"href":"https:\/\/livelycity.com\/switzerland\/wp-json\/wp\/v2\/media?parent=494649"}],"wp:term":[{"taxonomy":"category","embeddable":true,"href":"https:\/\/livelycity.com\/switzerland\/wp-json\/wp\/v2\/categories?post=494649"},{"taxonomy":"post_tag","embeddable":true,"href":"https:\/\/livelycity.com\/switzerland\/wp-json\/wp\/v2\/tags?post=494649"}],"curies":[{"name":"wp","href":"https:\/\/api.w.org\/{rel}","templated":true}]}}