{"id":468725,"date":"2026-04-28T23:59:00","date_gmt":"2026-04-28T23:59:00","guid":{"rendered":"https:\/\/livelycity.com\/switzerland\/blog\/2026\/04\/28\/er-erwahnt-trump-mit-keinem-wort-dennoch-wird-konig-charles-im-amerikanischen-kongress-uberraschend-deutlich\/"},"modified":"2026-04-28T23:59:00","modified_gmt":"2026-04-28T23:59:00","slug":"er-erwahnt-trump-mit-keinem-wort-dennoch-wird-konig-charles-im-amerikanischen-kongress-uberraschend-deutlich","status":"publish","type":"post","link":"https:\/\/livelycity.com\/switzerland\/blog\/2026\/04\/28\/er-erwahnt-trump-mit-keinem-wort-dennoch-wird-konig-charles-im-amerikanischen-kongress-uberraschend-deutlich\/","title":{"rendered":"Er erw\u00e4hnt Trump mit keinem Wort. Dennoch wird K\u00f6nig Charles im amerikanischen Kongress \u00fcberraschend deutlich"},"content":{"rendered":"<p>Wer erwartet hatte, dass sich der Monarch eine politisch unverf\u00e4ngliche Rede zurechtlegen w\u00fcrde, sah sich get\u00e4uscht. Er nahm Partei f\u00fcr die Nato und die Ukraine \u2013 und kritisierte zwischen den Zeilen a &#8230;<\/p>\n<p><a href=\"http:\/\/www.bing.com\/news\/apiclick.aspx?ref=FexRss&amp;aid=&amp;tid=69f1bf0bcb0f4c71b45bc6207b12e5dd&amp;url=https%3A%2F%2Fwww.nzz.ch%2Finternational%2Fkoenig-charles-vor-us-kongress-unerwartet-deutliche-worte-zu-nato-und-ukraine-ld.10004891&amp;c=1321578986683253201&amp;mkt=en-us\" target=\"_blank\" class=\"feedzy-rss-link-icon\">Read More<\/a>\u00a0<\/p>\n","protected":false},"excerpt":{"rendered":"<p>Wer erwartet hatte, dass sich der Monarch eine politisch unverf\u00e4ngliche Rede zurechtlegen w\u00fcrde, sah sich get\u00e4uscht. Er nahm Partei f\u00fcr die Nato und die Ukraine&#8230;<\/p>\n","protected":false},"author":1,"featured_media":0,"comment_status":"closed","ping_status":"closed","sticky":false,"template":"","format":"standard","meta":{"_jetpack_memberships_contains_paid_content":false,"footnotes":""},"categories":[2],"tags":[],"class_list":["post-468725","post","type-post","status-publish","format-standard","hentry","category-news","wpcat-2-id"],"jetpack_featured_media_url":"","jetpack_sharing_enabled":true,"_links":{"self":[{"href":"https:\/\/livelycity.com\/switzerland\/wp-json\/wp\/v2\/posts\/468725","targetHints":{"allow":["GET"]}}],"collection":[{"href":"https:\/\/livelycity.com\/switzerland\/wp-json\/wp\/v2\/posts"}],"about":[{"href":"https:\/\/livelycity.com\/switzerland\/wp-json\/wp\/v2\/types\/post"}],"author":[{"embeddable":true,"href":"https:\/\/livelycity.com\/switzerland\/wp-json\/wp\/v2\/users\/1"}],"replies":[{"embeddable":true,"href":"https:\/\/livelycity.com\/switzerland\/wp-json\/wp\/v2\/comments?post=468725"}],"version-history":[{"count":0,"href":"https:\/\/livelycity.com\/switzerland\/wp-json\/wp\/v2\/posts\/468725\/revisions"}],"wp:attachment":[{"href":"https:\/\/livelycity.com\/switzerland\/wp-json\/wp\/v2\/media?parent=468725"}],"wp:term":[{"taxonomy":"category","embeddable":true,"href":"https:\/\/livelycity.com\/switzerland\/wp-json\/wp\/v2\/categories?post=468725"},{"taxonomy":"post_tag","embeddable":true,"href":"https:\/\/livelycity.com\/switzerland\/wp-json\/wp\/v2\/tags?post=468725"}],"curies":[{"name":"wp","href":"https:\/\/api.w.org\/{rel}","templated":true}]}}