{"id":468685,"date":"2026-04-28T20:41:00","date_gmt":"2026-04-28T20:41:00","guid":{"rendered":"https:\/\/livelycity.com\/switzerland\/blog\/2026\/04\/28\/ki-und-informatik-jobs-ich-sehe-die-moglichkeit-dass-es-kunftig-mehr-it-fachleute-braucht-klar-gibt-es-auch-leute-die-panik-machen\/"},"modified":"2026-04-28T20:41:00","modified_gmt":"2026-04-28T20:41:00","slug":"ki-und-informatik-jobs-ich-sehe-die-moglichkeit-dass-es-kunftig-mehr-it-fachleute-braucht-klar-gibt-es-auch-leute-die-panik-machen","status":"publish","type":"post","link":"https:\/\/livelycity.com\/switzerland\/blog\/2026\/04\/28\/ki-und-informatik-jobs-ich-sehe-die-moglichkeit-dass-es-kunftig-mehr-it-fachleute-braucht-klar-gibt-es-auch-leute-die-panik-machen\/","title":{"rendered":"KI und Informatik-Jobs: \u00abIch sehe die M\u00f6glichkeit, dass es k\u00fcnftig mehr IT-Fachleute braucht. Klar gibt es auch Leute, die Panik machen\u00bb"},"content":{"rendered":"<p>Zwischen Hype und Alarmismus wird die Zukunft der Arbeit gerade neu verhandelt. Zwei Informatikexperten der ETH Z\u00fcrich ordnen ein, wie realistisch die \u00c4ngste sind, wo KI an Grenzen st\u00f6sst und warum di &#8230;<\/p>\n<p><a href=\"http:\/\/www.bing.com\/news\/apiclick.aspx?ref=FexRss&amp;aid=&amp;tid=69f1a2e17bcc4c648db521ad5562c138&amp;url=https%3A%2F%2Fwww.nzz.ch%2Fwirtschaft%2Fki-und-informatik-jobs-ich-sehe-die-moeglichkeit-dass-es-kuenftig-mehr-it-fachleute-braucht-klar-gibt-es-auch-leute-die-panik-machen-ld.10004044&amp;c=10180139897032752075&amp;mkt=en-us\" target=\"_blank\" class=\"feedzy-rss-link-icon\">Read More<\/a>\u00a0<\/p>\n","protected":false},"excerpt":{"rendered":"<p>Zwischen Hype und Alarmismus wird die Zukunft der Arbeit gerade neu verhandelt. Zwei Informatikexperten der ETH Z\u00fcrich ordnen ein, wie realistisch die \u00c4ngste sind, wo&#8230;<\/p>\n","protected":false},"author":1,"featured_media":0,"comment_status":"closed","ping_status":"closed","sticky":false,"template":"","format":"standard","meta":{"_jetpack_memberships_contains_paid_content":false,"footnotes":""},"categories":[2],"tags":[],"class_list":["post-468685","post","type-post","status-publish","format-standard","hentry","category-news","wpcat-2-id"],"jetpack_featured_media_url":"","jetpack_sharing_enabled":true,"_links":{"self":[{"href":"https:\/\/livelycity.com\/switzerland\/wp-json\/wp\/v2\/posts\/468685","targetHints":{"allow":["GET"]}}],"collection":[{"href":"https:\/\/livelycity.com\/switzerland\/wp-json\/wp\/v2\/posts"}],"about":[{"href":"https:\/\/livelycity.com\/switzerland\/wp-json\/wp\/v2\/types\/post"}],"author":[{"embeddable":true,"href":"https:\/\/livelycity.com\/switzerland\/wp-json\/wp\/v2\/users\/1"}],"replies":[{"embeddable":true,"href":"https:\/\/livelycity.com\/switzerland\/wp-json\/wp\/v2\/comments?post=468685"}],"version-history":[{"count":0,"href":"https:\/\/livelycity.com\/switzerland\/wp-json\/wp\/v2\/posts\/468685\/revisions"}],"wp:attachment":[{"href":"https:\/\/livelycity.com\/switzerland\/wp-json\/wp\/v2\/media?parent=468685"}],"wp:term":[{"taxonomy":"category","embeddable":true,"href":"https:\/\/livelycity.com\/switzerland\/wp-json\/wp\/v2\/categories?post=468685"},{"taxonomy":"post_tag","embeddable":true,"href":"https:\/\/livelycity.com\/switzerland\/wp-json\/wp\/v2\/tags?post=468685"}],"curies":[{"name":"wp","href":"https:\/\/api.w.org\/{rel}","templated":true}]}}