{"id":468683,"date":"2026-04-28T22:19:00","date_gmt":"2026-04-28T22:19:00","guid":{"rendered":"https:\/\/livelycity.com\/switzerland\/blog\/2026\/04\/28\/eine-krise-von-jahrzehnten-vier-wesentliche-grunde-warum-deutschland-politisch-blockiert-ist\/"},"modified":"2026-04-28T22:19:00","modified_gmt":"2026-04-28T22:19:00","slug":"eine-krise-von-jahrzehnten-vier-wesentliche-grunde-warum-deutschland-politisch-blockiert-ist","status":"publish","type":"post","link":"https:\/\/livelycity.com\/switzerland\/blog\/2026\/04\/28\/eine-krise-von-jahrzehnten-vier-wesentliche-grunde-warum-deutschland-politisch-blockiert-ist\/","title":{"rendered":"Eine Krise von Jahrzehnten: Vier wesentliche Gr\u00fcnde, warum Deutschland politisch blockiert ist"},"content":{"rendered":"<p>Friedrich Merz mangelt es an Durchsetzungsst\u00e4rke. Doch das allein erkl\u00e4rt die deutsche Misere nicht. Die Ursachen reichen lange zur\u00fcck und weisen weit \u00fcber das politische Berlin hinaus.<\/p>\n<p><a href=\"http:\/\/www.bing.com\/news\/apiclick.aspx?ref=FexRss&amp;aid=&amp;tid=69f1a2e17bcc4c648db521ad5562c138&amp;url=https%3A%2F%2Fwww.nzz.ch%2Fdeutschland&amp;c=15506540505261713525&amp;mkt=en-us\" target=\"_blank\" class=\"feedzy-rss-link-icon\">Read More<\/a>\u00a0<\/p>\n","protected":false},"excerpt":{"rendered":"<p>Friedrich Merz mangelt es an Durchsetzungsst\u00e4rke. Doch das allein erkl\u00e4rt die deutsche Misere nicht. Die Ursachen reichen lange zur\u00fcck und weisen weit \u00fcber das politische&#8230;<\/p>\n","protected":false},"author":1,"featured_media":0,"comment_status":"closed","ping_status":"closed","sticky":false,"template":"","format":"standard","meta":{"_jetpack_memberships_contains_paid_content":false,"footnotes":""},"categories":[2],"tags":[],"class_list":["post-468683","post","type-post","status-publish","format-standard","hentry","category-news","wpcat-2-id"],"jetpack_featured_media_url":"","jetpack_sharing_enabled":true,"_links":{"self":[{"href":"https:\/\/livelycity.com\/switzerland\/wp-json\/wp\/v2\/posts\/468683","targetHints":{"allow":["GET"]}}],"collection":[{"href":"https:\/\/livelycity.com\/switzerland\/wp-json\/wp\/v2\/posts"}],"about":[{"href":"https:\/\/livelycity.com\/switzerland\/wp-json\/wp\/v2\/types\/post"}],"author":[{"embeddable":true,"href":"https:\/\/livelycity.com\/switzerland\/wp-json\/wp\/v2\/users\/1"}],"replies":[{"embeddable":true,"href":"https:\/\/livelycity.com\/switzerland\/wp-json\/wp\/v2\/comments?post=468683"}],"version-history":[{"count":0,"href":"https:\/\/livelycity.com\/switzerland\/wp-json\/wp\/v2\/posts\/468683\/revisions"}],"wp:attachment":[{"href":"https:\/\/livelycity.com\/switzerland\/wp-json\/wp\/v2\/media?parent=468683"}],"wp:term":[{"taxonomy":"category","embeddable":true,"href":"https:\/\/livelycity.com\/switzerland\/wp-json\/wp\/v2\/categories?post=468683"},{"taxonomy":"post_tag","embeddable":true,"href":"https:\/\/livelycity.com\/switzerland\/wp-json\/wp\/v2\/tags?post=468683"}],"curies":[{"name":"wp","href":"https:\/\/api.w.org\/{rel}","templated":true}]}}