{"id":466528,"date":"2026-04-20T17:27:00","date_gmt":"2026-04-20T17:27:00","guid":{"rendered":"https:\/\/livelycity.com\/switzerland\/blog\/2026\/04\/20\/tortillas-de-norte-a-sur-el-alma-comestible-de-mexico\/"},"modified":"2026-04-20T17:27:00","modified_gmt":"2026-04-20T17:27:00","slug":"tortillas-de-norte-a-sur-el-alma-comestible-de-mexico","status":"publish","type":"post","link":"https:\/\/livelycity.com\/switzerland\/blog\/2026\/04\/20\/tortillas-de-norte-a-sur-el-alma-comestible-de-mexico\/","title":{"rendered":"Tortillas de norte a sur: el alma comestible de M\u00e9xico"},"content":{"rendered":"<p>Y aunque el ma\u00edz es su protagonista principal, cada versi\u00f3n de la tortilla mexicana \u2014de norte a sur\u2014 nos recuerda que la gastronom\u00eda tambi\u00e9n es geograf\u00eda, historia, lenguaje y emoci\u00f3n\u2026 servidos calientes y listos para compartir.<\/p>\n<p><a href=\"https:\/\/www.saborearte.com.mx\/tortillas-de-norte-a-sur-el-alma-comestible-de-mexico\/\" target=\"_blank\" class=\"feedzy-rss-link-icon\">Read More<\/a>\u00a0<\/p>\n","protected":false},"excerpt":{"rendered":"<p>Y aunque el ma\u00edz es su protagonista principal, cada versi\u00f3n de la tortilla mexicana \u2014de norte a sur\u2014 nos recuerda que la gastronom\u00eda tambi\u00e9n es&#8230;<\/p>\n","protected":false},"author":1,"featured_media":0,"comment_status":"closed","ping_status":"closed","sticky":false,"template":"","format":"standard","meta":{"_jetpack_memberships_contains_paid_content":false,"footnotes":""},"categories":[8],"tags":[],"class_list":["post-466528","post","type-post","status-publish","format-standard","hentry","category-zurich","wpcat-8-id"],"jetpack_featured_media_url":"","jetpack_sharing_enabled":true,"_links":{"self":[{"href":"https:\/\/livelycity.com\/switzerland\/wp-json\/wp\/v2\/posts\/466528","targetHints":{"allow":["GET"]}}],"collection":[{"href":"https:\/\/livelycity.com\/switzerland\/wp-json\/wp\/v2\/posts"}],"about":[{"href":"https:\/\/livelycity.com\/switzerland\/wp-json\/wp\/v2\/types\/post"}],"author":[{"embeddable":true,"href":"https:\/\/livelycity.com\/switzerland\/wp-json\/wp\/v2\/users\/1"}],"replies":[{"embeddable":true,"href":"https:\/\/livelycity.com\/switzerland\/wp-json\/wp\/v2\/comments?post=466528"}],"version-history":[{"count":0,"href":"https:\/\/livelycity.com\/switzerland\/wp-json\/wp\/v2\/posts\/466528\/revisions"}],"wp:attachment":[{"href":"https:\/\/livelycity.com\/switzerland\/wp-json\/wp\/v2\/media?parent=466528"}],"wp:term":[{"taxonomy":"category","embeddable":true,"href":"https:\/\/livelycity.com\/switzerland\/wp-json\/wp\/v2\/categories?post=466528"},{"taxonomy":"post_tag","embeddable":true,"href":"https:\/\/livelycity.com\/switzerland\/wp-json\/wp\/v2\/tags?post=466528"}],"curies":[{"name":"wp","href":"https:\/\/api.w.org\/{rel}","templated":true}]}}