{"id":466502,"date":"2026-04-21T04:11:00","date_gmt":"2026-04-21T04:11:00","guid":{"rendered":"https:\/\/livelycity.com\/switzerland\/blog\/2026\/04\/21\/quelle-est-la-taille-moyenne-dun-penis-a-15-ans-resolu\/"},"modified":"2026-04-21T04:11:00","modified_gmt":"2026-04-21T04:11:00","slug":"quelle-est-la-taille-moyenne-dun-penis-a-15-ans-resolu","status":"publish","type":"post","link":"https:\/\/livelycity.com\/switzerland\/blog\/2026\/04\/21\/quelle-est-la-taille-moyenne-dun-penis-a-15-ans-resolu\/","title":{"rendered":"Quelle est la taille moyenne d&#8217;un p\u00e9nis \u00e0 15 ans ? [R\u00e9solu]"},"content":{"rendered":"<p>Hey Kevin! Moi aussi j&#8217;ai 15 ans et six mois et le miens fais aussi 11 et 13 et je me pose beaucoup de questions. Mais, je trouve que c&#8217;est une taille resonable car sinon c&#8217;est trop long. D&#8217;apr\u00e8s moi tu est dans la moyenne. Moi on m&#8217;a toujours dis que ce n&#8217;etait pas la taille qui compte mais, ce qu&#8217;on fait avec lol! Et que s&#8217;il est trop long la sensation n&#8217;est pas agr\u00e9able lors des rapports &#8230;<\/p>\n<p><a href=\"https:\/\/sante-medecine.journaldesfemmes.fr\/forum\/affich-890483-quelle-est-la-taille-moyenne-d-un-penis-a-15-ans\" target=\"_blank\" class=\"feedzy-rss-link-icon\">Read More<\/a>\u00a0<\/p>\n","protected":false},"excerpt":{"rendered":"<p>Hey Kevin! Moi aussi j&#8217;ai 15 ans et six mois et le miens fais aussi 11 et 13 et je me pose beaucoup de questions&#8230;.<\/p>\n","protected":false},"author":1,"featured_media":0,"comment_status":"closed","ping_status":"closed","sticky":false,"template":"","format":"standard","meta":{"_jetpack_memberships_contains_paid_content":false,"footnotes":""},"categories":[13],"tags":[],"class_list":["post-466502","post","type-post","status-publish","format-standard","hentry","category-kunsthaus-zurich-en","wpcat-13-id"],"jetpack_featured_media_url":"","jetpack_sharing_enabled":true,"_links":{"self":[{"href":"https:\/\/livelycity.com\/switzerland\/wp-json\/wp\/v2\/posts\/466502","targetHints":{"allow":["GET"]}}],"collection":[{"href":"https:\/\/livelycity.com\/switzerland\/wp-json\/wp\/v2\/posts"}],"about":[{"href":"https:\/\/livelycity.com\/switzerland\/wp-json\/wp\/v2\/types\/post"}],"author":[{"embeddable":true,"href":"https:\/\/livelycity.com\/switzerland\/wp-json\/wp\/v2\/users\/1"}],"replies":[{"embeddable":true,"href":"https:\/\/livelycity.com\/switzerland\/wp-json\/wp\/v2\/comments?post=466502"}],"version-history":[{"count":0,"href":"https:\/\/livelycity.com\/switzerland\/wp-json\/wp\/v2\/posts\/466502\/revisions"}],"wp:attachment":[{"href":"https:\/\/livelycity.com\/switzerland\/wp-json\/wp\/v2\/media?parent=466502"}],"wp:term":[{"taxonomy":"category","embeddable":true,"href":"https:\/\/livelycity.com\/switzerland\/wp-json\/wp\/v2\/categories?post=466502"},{"taxonomy":"post_tag","embeddable":true,"href":"https:\/\/livelycity.com\/switzerland\/wp-json\/wp\/v2\/tags?post=466502"}],"curies":[{"name":"wp","href":"https:\/\/api.w.org\/{rel}","templated":true}]}}