{"id":465662,"date":"2026-04-21T04:00:00","date_gmt":"2026-04-21T04:00:00","guid":{"rendered":"https:\/\/livelycity.com\/switzerland\/blog\/2026\/04\/21\/bildstrecke-queen-elizabeth-ii-war-die-meistfotografierte-frau-der-welt-ein-passfoto-gab-es-jedoch-nie-von-ihr\/"},"modified":"2026-04-21T04:00:00","modified_gmt":"2026-04-21T04:00:00","slug":"bildstrecke-queen-elizabeth-ii-war-die-meistfotografierte-frau-der-welt-ein-passfoto-gab-es-jedoch-nie-von-ihr","status":"publish","type":"post","link":"https:\/\/livelycity.com\/switzerland\/blog\/2026\/04\/21\/bildstrecke-queen-elizabeth-ii-war-die-meistfotografierte-frau-der-welt-ein-passfoto-gab-es-jedoch-nie-von-ihr\/","title":{"rendered":"BILDSTRECKE &#8211; Queen Elizabeth II war die meistfotografierte Frau der Welt \u2013\u00a0ein Passfoto gab es jedoch nie von ihr"},"content":{"rendered":"<p>Queen Elizabeth II w\u00e4re heute 100 Jahre alt geworden. Ihr Bild zierte w\u00e4hrend Jahrzehnten M\u00fcnzen, Banknoten, Briefmarken und Titelbilder von Illustrierten und Zeitungen rund um den Globus. Was es von ihr jedoch nie gab, waren Passfotos.<\/p>\n<p><a href=\"https:\/\/www.nzz.ch\/fotografie\/queen-elizabeth-ii-war-die-meistfotografierte-frau-der-welt-ein-passfoto-gab-es-jedoch-nie-von-ihr-ld.1934363\" target=\"_blank\" class=\"feedzy-rss-link-icon\">Read More<\/a>\u00a0<\/p>\n","protected":false},"excerpt":{"rendered":"<p>Queen Elizabeth II w\u00e4re heute 100 Jahre alt geworden. Ihr Bild zierte w\u00e4hrend Jahrzehnten M\u00fcnzen, Banknoten, Briefmarken und Titelbilder von Illustrierten und Zeitungen rund um&#8230;<\/p>\n","protected":false},"author":1,"featured_media":465663,"comment_status":"closed","ping_status":"closed","sticky":false,"template":"","format":"standard","meta":{"_jetpack_memberships_contains_paid_content":false,"footnotes":""},"categories":[6],"tags":[],"class_list":["post-465662","post","type-post","status-publish","format-standard","has-post-thumbnail","hentry","category-neue-zurcher-zeitung","wpcat-6-id"],"jetpack_featured_media_url":"https:\/\/livelycity.com\/switzerland\/wp-content\/uploads\/2026\/04\/b9168089-cf01-48f4-9631-fa36436c0057-KakC8E.jpg","jetpack_sharing_enabled":true,"_links":{"self":[{"href":"https:\/\/livelycity.com\/switzerland\/wp-json\/wp\/v2\/posts\/465662","targetHints":{"allow":["GET"]}}],"collection":[{"href":"https:\/\/livelycity.com\/switzerland\/wp-json\/wp\/v2\/posts"}],"about":[{"href":"https:\/\/livelycity.com\/switzerland\/wp-json\/wp\/v2\/types\/post"}],"author":[{"embeddable":true,"href":"https:\/\/livelycity.com\/switzerland\/wp-json\/wp\/v2\/users\/1"}],"replies":[{"embeddable":true,"href":"https:\/\/livelycity.com\/switzerland\/wp-json\/wp\/v2\/comments?post=465662"}],"version-history":[{"count":0,"href":"https:\/\/livelycity.com\/switzerland\/wp-json\/wp\/v2\/posts\/465662\/revisions"}],"wp:featuredmedia":[{"embeddable":true,"href":"https:\/\/livelycity.com\/switzerland\/wp-json\/wp\/v2\/media\/465663"}],"wp:attachment":[{"href":"https:\/\/livelycity.com\/switzerland\/wp-json\/wp\/v2\/media?parent=465662"}],"wp:term":[{"taxonomy":"category","embeddable":true,"href":"https:\/\/livelycity.com\/switzerland\/wp-json\/wp\/v2\/categories?post=465662"},{"taxonomy":"post_tag","embeddable":true,"href":"https:\/\/livelycity.com\/switzerland\/wp-json\/wp\/v2\/tags?post=465662"}],"curies":[{"name":"wp","href":"https:\/\/api.w.org\/{rel}","templated":true}]}}