{"id":463644,"date":"2026-04-15T06:44:00","date_gmt":"2026-04-15T06:44:00","guid":{"rendered":"https:\/\/livelycity.com\/switzerland\/blog\/2026\/04\/15\/in-europa-droht-zur-ferienzeit-im-sommer-eine-kerosin-krise-auch-in-der-schweiz-mussen-flugreisende-bangen\/"},"modified":"2026-04-15T06:44:00","modified_gmt":"2026-04-15T06:44:00","slug":"in-europa-droht-zur-ferienzeit-im-sommer-eine-kerosin-krise-auch-in-der-schweiz-mussen-flugreisende-bangen","status":"publish","type":"post","link":"https:\/\/livelycity.com\/switzerland\/blog\/2026\/04\/15\/in-europa-droht-zur-ferienzeit-im-sommer-eine-kerosin-krise-auch-in-der-schweiz-mussen-flugreisende-bangen\/","title":{"rendered":"In Europa droht zur Ferienzeit im Sommer eine Kerosin-Krise. Auch in der Schweiz m\u00fcssen Flugreisende bangen"},"content":{"rendered":"<p>Durch den Krieg am Golf fehlen weltweit 20 Prozent Roh\u00f6l. Vor allem Kerosin und Diesel sind knapp. In Australien werden Inlandfl\u00fcge bereits ausged\u00fcnnt. Im Sommer k\u00f6nnte es auch Europa treffen.<\/p>\n<p><a href=\"http:\/\/www.bing.com\/news\/apiclick.aspx?ref=FexRss&amp;aid=&amp;tid=69e0d3eb092247d9a4c52f1f612c7f75&amp;url=https%3A%2F%2Fwww.nzz.ch%2Fwirtschaft%2Fin-europa-droht-zur-ferienzeit-im-sommer-eine-kerosin-krise-auch-in-der-schweiz-muessen-flugreisende-bangen-ld.1933663&amp;c=4571325513053632171&amp;mkt=en-us\" target=\"_blank\" class=\"feedzy-rss-link-icon\">Read More<\/a>\u00a0<\/p>\n","protected":false},"excerpt":{"rendered":"<p>Durch den Krieg am Golf fehlen weltweit 20 Prozent Roh\u00f6l. Vor allem Kerosin und Diesel sind knapp. In Australien werden Inlandfl\u00fcge bereits ausged\u00fcnnt. Im Sommer&#8230;<\/p>\n","protected":false},"author":1,"featured_media":0,"comment_status":"closed","ping_status":"closed","sticky":false,"template":"","format":"standard","meta":{"_jetpack_memberships_contains_paid_content":false,"footnotes":""},"categories":[2],"tags":[],"class_list":["post-463644","post","type-post","status-publish","format-standard","hentry","category-news","wpcat-2-id"],"jetpack_featured_media_url":"","jetpack_sharing_enabled":true,"_links":{"self":[{"href":"https:\/\/livelycity.com\/switzerland\/wp-json\/wp\/v2\/posts\/463644","targetHints":{"allow":["GET"]}}],"collection":[{"href":"https:\/\/livelycity.com\/switzerland\/wp-json\/wp\/v2\/posts"}],"about":[{"href":"https:\/\/livelycity.com\/switzerland\/wp-json\/wp\/v2\/types\/post"}],"author":[{"embeddable":true,"href":"https:\/\/livelycity.com\/switzerland\/wp-json\/wp\/v2\/users\/1"}],"replies":[{"embeddable":true,"href":"https:\/\/livelycity.com\/switzerland\/wp-json\/wp\/v2\/comments?post=463644"}],"version-history":[{"count":0,"href":"https:\/\/livelycity.com\/switzerland\/wp-json\/wp\/v2\/posts\/463644\/revisions"}],"wp:attachment":[{"href":"https:\/\/livelycity.com\/switzerland\/wp-json\/wp\/v2\/media?parent=463644"}],"wp:term":[{"taxonomy":"category","embeddable":true,"href":"https:\/\/livelycity.com\/switzerland\/wp-json\/wp\/v2\/categories?post=463644"},{"taxonomy":"post_tag","embeddable":true,"href":"https:\/\/livelycity.com\/switzerland\/wp-json\/wp\/v2\/tags?post=463644"}],"curies":[{"name":"wp","href":"https:\/\/api.w.org\/{rel}","templated":true}]}}