{"id":461841,"date":"2026-04-12T17:13:02","date_gmt":"2026-04-12T17:13:02","guid":{"rendered":"https:\/\/livelycity.com\/switzerland\/blog\/2026\/04\/12\/8-jets-zerstort-usa-greifen-auf-68-jahrige-tankflugzeuge-zuruck\/"},"modified":"2026-04-12T17:13:02","modified_gmt":"2026-04-12T17:13:02","slug":"8-jets-zerstort-usa-greifen-auf-68-jahrige-tankflugzeuge-zuruck","status":"publish","type":"post","link":"https:\/\/livelycity.com\/switzerland\/blog\/2026\/04\/12\/8-jets-zerstort-usa-greifen-auf-68-jahrige-tankflugzeuge-zuruck\/","title":{"rendered":"8 Jets zerst\u00f6rt: USA greifen auf 68-j\u00e4hrige Tankflugzeuge zur\u00fcck"},"content":{"rendered":"<p>Acht Tankflugzeuge der US-Luftwaffe gingen seit Beginn des Iran-Krieges verloren. Die USA greifen nun auf bis zu 68 Jahre alte Jets zur\u00fcck.<\/p>\n<p><a href=\"https:\/\/www.20min.ch\/story\/iran-angriffe-8-jets-zerstoert-usa-greifen-auf-68-jaehrige-tankflugzeuge-zurueck-103545105\" target=\"_blank\" class=\"feedzy-rss-link-icon\">Read More<\/a>\u00a0<\/p>\n","protected":false},"excerpt":{"rendered":"<p>Acht Tankflugzeuge der US-Luftwaffe gingen seit Beginn des Iran-Krieges verloren. Die USA greifen nun auf bis zu 68 Jahre alte Jets zur\u00fcck. Read More\u00a0<\/p>\n","protected":false},"author":1,"featured_media":461655,"comment_status":"closed","ping_status":"closed","sticky":false,"template":"","format":"standard","meta":{"_jetpack_memberships_contains_paid_content":false,"footnotes":""},"categories":[3],"tags":[],"class_list":["post-461841","post","type-post","status-publish","format-standard","has-post-thumbnail","hentry","category-20-minuten","wpcat-3-id"],"jetpack_featured_media_url":"https:\/\/livelycity.com\/switzerland\/wp-content\/uploads\/2026\/04\/805c14ab-85b1-432d-a910-9cc13cd7d23b-HkZwUw-scaled.jpg","jetpack_sharing_enabled":true,"_links":{"self":[{"href":"https:\/\/livelycity.com\/switzerland\/wp-json\/wp\/v2\/posts\/461841","targetHints":{"allow":["GET"]}}],"collection":[{"href":"https:\/\/livelycity.com\/switzerland\/wp-json\/wp\/v2\/posts"}],"about":[{"href":"https:\/\/livelycity.com\/switzerland\/wp-json\/wp\/v2\/types\/post"}],"author":[{"embeddable":true,"href":"https:\/\/livelycity.com\/switzerland\/wp-json\/wp\/v2\/users\/1"}],"replies":[{"embeddable":true,"href":"https:\/\/livelycity.com\/switzerland\/wp-json\/wp\/v2\/comments?post=461841"}],"version-history":[{"count":0,"href":"https:\/\/livelycity.com\/switzerland\/wp-json\/wp\/v2\/posts\/461841\/revisions"}],"wp:featuredmedia":[{"embeddable":true,"href":"https:\/\/livelycity.com\/switzerland\/wp-json\/wp\/v2\/media\/461655"}],"wp:attachment":[{"href":"https:\/\/livelycity.com\/switzerland\/wp-json\/wp\/v2\/media?parent=461841"}],"wp:term":[{"taxonomy":"category","embeddable":true,"href":"https:\/\/livelycity.com\/switzerland\/wp-json\/wp\/v2\/categories?post=461841"},{"taxonomy":"post_tag","embeddable":true,"href":"https:\/\/livelycity.com\/switzerland\/wp-json\/wp\/v2\/tags?post=461841"}],"curies":[{"name":"wp","href":"https:\/\/api.w.org\/{rel}","templated":true}]}}