{"id":461837,"date":"2026-04-12T20:12:52","date_gmt":"2026-04-12T20:12:52","guid":{"rendered":"https:\/\/livelycity.com\/switzerland\/blog\/2026\/04\/12\/ungarn-hat-europa-gewahlt-2\/"},"modified":"2026-04-12T20:12:52","modified_gmt":"2026-04-12T20:12:52","slug":"ungarn-hat-europa-gewahlt-2","status":"publish","type":"post","link":"https:\/\/livelycity.com\/switzerland\/blog\/2026\/04\/12\/ungarn-hat-europa-gewahlt-2\/","title":{"rendered":"\u00abUngarn hat Europa gew\u00e4hlt\u00bb"},"content":{"rendered":"<p>Viktor Orban hat seine Wahlniederlage eingestanden. Herausforderer Peter Magyar erh\u00e4lt Gl\u00fcckw\u00fcnsche von vielen f\u00fchrenden Politikerinnen und Politikern.<\/p>\n<p><a href=\"https:\/\/www.20min.ch\/story\/reaktionen-auf-wahl-ungarn-hat-europa-gewaehlt-103545310\" target=\"_blank\" class=\"feedzy-rss-link-icon\">Read More<\/a>\u00a0<\/p>\n","protected":false},"excerpt":{"rendered":"<p>Viktor Orban hat seine Wahlniederlage eingestanden. Herausforderer Peter Magyar erh\u00e4lt Gl\u00fcckw\u00fcnsche von vielen f\u00fchrenden Politikerinnen und Politikern. Read More\u00a0<\/p>\n","protected":false},"author":1,"featured_media":461776,"comment_status":"closed","ping_status":"closed","sticky":false,"template":"","format":"standard","meta":{"_jetpack_memberships_contains_paid_content":false,"footnotes":""},"categories":[3],"tags":[],"class_list":["post-461837","post","type-post","status-publish","format-standard","has-post-thumbnail","hentry","category-20-minuten","wpcat-3-id"],"jetpack_featured_media_url":"https:\/\/livelycity.com\/switzerland\/wp-content\/uploads\/2026\/04\/9c1a5de1-027e-4157-b7fd-d41b32a555a1-ppNr9F-scaled.jpg","jetpack_sharing_enabled":true,"_links":{"self":[{"href":"https:\/\/livelycity.com\/switzerland\/wp-json\/wp\/v2\/posts\/461837","targetHints":{"allow":["GET"]}}],"collection":[{"href":"https:\/\/livelycity.com\/switzerland\/wp-json\/wp\/v2\/posts"}],"about":[{"href":"https:\/\/livelycity.com\/switzerland\/wp-json\/wp\/v2\/types\/post"}],"author":[{"embeddable":true,"href":"https:\/\/livelycity.com\/switzerland\/wp-json\/wp\/v2\/users\/1"}],"replies":[{"embeddable":true,"href":"https:\/\/livelycity.com\/switzerland\/wp-json\/wp\/v2\/comments?post=461837"}],"version-history":[{"count":0,"href":"https:\/\/livelycity.com\/switzerland\/wp-json\/wp\/v2\/posts\/461837\/revisions"}],"wp:featuredmedia":[{"embeddable":true,"href":"https:\/\/livelycity.com\/switzerland\/wp-json\/wp\/v2\/media\/461776"}],"wp:attachment":[{"href":"https:\/\/livelycity.com\/switzerland\/wp-json\/wp\/v2\/media?parent=461837"}],"wp:term":[{"taxonomy":"category","embeddable":true,"href":"https:\/\/livelycity.com\/switzerland\/wp-json\/wp\/v2\/categories?post=461837"},{"taxonomy":"post_tag","embeddable":true,"href":"https:\/\/livelycity.com\/switzerland\/wp-json\/wp\/v2\/tags?post=461837"}],"curies":[{"name":"wp","href":"https:\/\/api.w.org\/{rel}","templated":true}]}}