{"id":461769,"date":"2026-04-12T19:21:41","date_gmt":"2026-04-12T19:21:41","guid":{"rendered":"https:\/\/livelycity.com\/switzerland\/blog\/2026\/04\/12\/bei-den-gemeindewahlen-in-zurcher-stadten-ist-die-svp-die-grosse-siegerin-und-ein-langst-vergessener-politiker-feiert-susse-rache-an-der-sp-2\/"},"modified":"2026-04-12T19:21:41","modified_gmt":"2026-04-12T19:21:41","slug":"bei-den-gemeindewahlen-in-zurcher-stadten-ist-die-svp-die-grosse-siegerin-und-ein-langst-vergessener-politiker-feiert-susse-rache-an-der-sp-2","status":"publish","type":"post","link":"https:\/\/livelycity.com\/switzerland\/blog\/2026\/04\/12\/bei-den-gemeindewahlen-in-zurcher-stadten-ist-die-svp-die-grosse-siegerin-und-ein-langst-vergessener-politiker-feiert-susse-rache-an-der-sp-2\/","title":{"rendered":"Bei den Gemeindewahlen in Z\u00fcrcher St\u00e4dten ist die SVP die grosse Siegerin \u2013 und ein l\u00e4ngst vergessener Politiker feiert s\u00fcsse Rache an der SP"},"content":{"rendered":"<p>Nun haben alle 13 Z\u00fcrcher Parlamentsst\u00e4dte gew\u00e4hlt. Der Kanton r\u00fcckt klar nach rechts.<\/p>\n<p><a href=\"https:\/\/www.nzz.ch\/zuerich\/gemeindewahlen-in-zuercher-staedten-die-svp-ist-die-grosse-siegerin-ld.1933166\" target=\"_blank\" class=\"feedzy-rss-link-icon\">Read More<\/a>\u00a0<\/p>\n","protected":false},"excerpt":{"rendered":"<p>Nun haben alle 13 Z\u00fcrcher Parlamentsst\u00e4dte gew\u00e4hlt. Der Kanton r\u00fcckt klar nach rechts. Read More\u00a0<\/p>\n","protected":false},"author":1,"featured_media":461712,"comment_status":"closed","ping_status":"closed","sticky":false,"template":"","format":"standard","meta":{"_jetpack_memberships_contains_paid_content":false,"footnotes":""},"categories":[6],"tags":[],"class_list":["post-461769","post","type-post","status-publish","format-standard","has-post-thumbnail","hentry","category-neue-zurcher-zeitung","wpcat-6-id"],"jetpack_featured_media_url":"https:\/\/livelycity.com\/switzerland\/wp-content\/uploads\/2026\/04\/8f789fa7-5d1e-4b7a-ba97-f7fe4526a008-7gZN64.jpg","jetpack_sharing_enabled":true,"_links":{"self":[{"href":"https:\/\/livelycity.com\/switzerland\/wp-json\/wp\/v2\/posts\/461769","targetHints":{"allow":["GET"]}}],"collection":[{"href":"https:\/\/livelycity.com\/switzerland\/wp-json\/wp\/v2\/posts"}],"about":[{"href":"https:\/\/livelycity.com\/switzerland\/wp-json\/wp\/v2\/types\/post"}],"author":[{"embeddable":true,"href":"https:\/\/livelycity.com\/switzerland\/wp-json\/wp\/v2\/users\/1"}],"replies":[{"embeddable":true,"href":"https:\/\/livelycity.com\/switzerland\/wp-json\/wp\/v2\/comments?post=461769"}],"version-history":[{"count":0,"href":"https:\/\/livelycity.com\/switzerland\/wp-json\/wp\/v2\/posts\/461769\/revisions"}],"wp:featuredmedia":[{"embeddable":true,"href":"https:\/\/livelycity.com\/switzerland\/wp-json\/wp\/v2\/media\/461712"}],"wp:attachment":[{"href":"https:\/\/livelycity.com\/switzerland\/wp-json\/wp\/v2\/media?parent=461769"}],"wp:term":[{"taxonomy":"category","embeddable":true,"href":"https:\/\/livelycity.com\/switzerland\/wp-json\/wp\/v2\/categories?post=461769"},{"taxonomy":"post_tag","embeddable":true,"href":"https:\/\/livelycity.com\/switzerland\/wp-json\/wp\/v2\/tags?post=461769"}],"curies":[{"name":"wp","href":"https:\/\/api.w.org\/{rel}","templated":true}]}}