{"id":461637,"date":"2026-04-12T19:08:42","date_gmt":"2026-04-12T19:08:42","guid":{"rendered":"https:\/\/livelycity.com\/switzerland\/blog\/2026\/04\/12\/ungarn-vor-einem-machtwechsel-peter-magyar-feiert-einen-triumphalen-wahlsieg-debakel-fur-viktor-orban\/"},"modified":"2026-04-12T19:08:42","modified_gmt":"2026-04-12T19:08:42","slug":"ungarn-vor-einem-machtwechsel-peter-magyar-feiert-einen-triumphalen-wahlsieg-debakel-fur-viktor-orban","status":"publish","type":"post","link":"https:\/\/livelycity.com\/switzerland\/blog\/2026\/04\/12\/ungarn-vor-einem-machtwechsel-peter-magyar-feiert-einen-triumphalen-wahlsieg-debakel-fur-viktor-orban\/","title":{"rendered":"Ungarn vor einem Machtwechsel: Peter Magyar feiert einen triumphalen Wahlsieg \u2013 Debakel f\u00fcr Viktor Orban"},"content":{"rendered":"<p>Bei einer rekordhohen Wahlbeteiligung zeichnet sich eine schwere Niederlage f\u00fcr Orbans Partei Fidesz ab. Magyars Tisza k\u00f6nnte sogar die entscheidende Zweidrittelmehrheit im Parlament erringen.<\/p>\n<p><a href=\"https:\/\/www.nzz.ch\/international\/ungarn-vor-einem-machtwechsel-peter-magyar-feiert-einen-triumphalen-wahlsieg-debakel-fuer-viktor-orban-ld.1933044\" target=\"_blank\" class=\"feedzy-rss-link-icon\">Read More<\/a>\u00a0<\/p>\n","protected":false},"excerpt":{"rendered":"<p>Bei einer rekordhohen Wahlbeteiligung zeichnet sich eine schwere Niederlage f\u00fcr Orbans Partei Fidesz ab. Magyars Tisza k\u00f6nnte sogar die entscheidende Zweidrittelmehrheit im Parlament erringen. Read&#8230;<\/p>\n","protected":false},"author":1,"featured_media":461638,"comment_status":"closed","ping_status":"closed","sticky":false,"template":"","format":"standard","meta":{"_jetpack_memberships_contains_paid_content":false,"footnotes":""},"categories":[6],"tags":[],"class_list":["post-461637","post","type-post","status-publish","format-standard","has-post-thumbnail","hentry","category-neue-zurcher-zeitung","wpcat-6-id"],"jetpack_featured_media_url":"https:\/\/livelycity.com\/switzerland\/wp-content\/uploads\/2026\/04\/8c45c306-80ce-42b0-8d9c-62e9b4c9bd58-KomRs5.jpg","jetpack_sharing_enabled":true,"_links":{"self":[{"href":"https:\/\/livelycity.com\/switzerland\/wp-json\/wp\/v2\/posts\/461637","targetHints":{"allow":["GET"]}}],"collection":[{"href":"https:\/\/livelycity.com\/switzerland\/wp-json\/wp\/v2\/posts"}],"about":[{"href":"https:\/\/livelycity.com\/switzerland\/wp-json\/wp\/v2\/types\/post"}],"author":[{"embeddable":true,"href":"https:\/\/livelycity.com\/switzerland\/wp-json\/wp\/v2\/users\/1"}],"replies":[{"embeddable":true,"href":"https:\/\/livelycity.com\/switzerland\/wp-json\/wp\/v2\/comments?post=461637"}],"version-history":[{"count":0,"href":"https:\/\/livelycity.com\/switzerland\/wp-json\/wp\/v2\/posts\/461637\/revisions"}],"wp:featuredmedia":[{"embeddable":true,"href":"https:\/\/livelycity.com\/switzerland\/wp-json\/wp\/v2\/media\/461638"}],"wp:attachment":[{"href":"https:\/\/livelycity.com\/switzerland\/wp-json\/wp\/v2\/media?parent=461637"}],"wp:term":[{"taxonomy":"category","embeddable":true,"href":"https:\/\/livelycity.com\/switzerland\/wp-json\/wp\/v2\/categories?post=461637"},{"taxonomy":"post_tag","embeddable":true,"href":"https:\/\/livelycity.com\/switzerland\/wp-json\/wp\/v2\/tags?post=461637"}],"curies":[{"name":"wp","href":"https:\/\/api.w.org\/{rel}","templated":true}]}}