{"id":451176,"date":"2026-03-15T21:56:00","date_gmt":"2026-03-15T21:56:00","guid":{"rendered":"https:\/\/livelycity.com\/switzerland\/blog\/2026\/03\/15\/jeep-compass-die-dritte-generation-fahrt-vollelektrisch-besser-2\/"},"modified":"2026-03-15T21:56:00","modified_gmt":"2026-03-15T21:56:00","slug":"jeep-compass-die-dritte-generation-fahrt-vollelektrisch-besser-2","status":"publish","type":"post","link":"https:\/\/livelycity.com\/switzerland\/jeep-compass-die-dritte-generation-fahrt-vollelektrisch-besser-2\/","title":{"rendered":"Jeep Compass: Die dritte Generation f\u00e4hrt vollelektrisch besser"},"content":{"rendered":"<p>W\u00e4hrend Design, Fahrwerk und Platzangebot des Kompakt-SUV durchaus \u00fcberzeugen, entpuppt sich der Antrieb vorerst als potenzielles Kaufhindernis f\u00fcr Verbrenner-Fans.<\/p>\n<p><a href=\"http:\/\/www.bing.com\/news\/apiclick.aspx?ref=FexRss&amp;aid=&amp;tid=69b90061c7284ed6b46e03d26b45609a&amp;url=https%3A%2F%2Fwww.nzz.ch%2Fmobilitaet%2Fjeep-compass-die-dritte-generation-faehrt-vollelektrisch-besser-ld.1928847&amp;c=5174133537937247173&amp;mkt=en-us\" target=\"_blank\" class=\"feedzy-rss-link-icon\">Read More<\/a>\u00a0<\/p>\n","protected":false},"excerpt":{"rendered":"<p>W\u00e4hrend Design, Fahrwerk und Platzangebot des Kompakt-SUV durchaus \u00fcberzeugen, entpuppt sich der Antrieb vorerst als potenzielles Kaufhindernis f\u00fcr Verbrenner-Fans. Read More\u00a0<\/p>\n","protected":false},"author":1,"featured_media":0,"comment_status":"closed","ping_status":"closed","sticky":false,"template":"","format":"standard","meta":{"_jetpack_memberships_contains_paid_content":false,"footnotes":""},"categories":[2],"tags":[],"class_list":["post-451176","post","type-post","status-publish","format-standard","hentry","category-news","wpcat-2-id"],"jetpack_featured_media_url":"","jetpack_sharing_enabled":true,"_links":{"self":[{"href":"https:\/\/livelycity.com\/switzerland\/wp-json\/wp\/v2\/posts\/451176","targetHints":{"allow":["GET"]}}],"collection":[{"href":"https:\/\/livelycity.com\/switzerland\/wp-json\/wp\/v2\/posts"}],"about":[{"href":"https:\/\/livelycity.com\/switzerland\/wp-json\/wp\/v2\/types\/post"}],"author":[{"embeddable":true,"href":"https:\/\/livelycity.com\/switzerland\/wp-json\/wp\/v2\/users\/1"}],"replies":[{"embeddable":true,"href":"https:\/\/livelycity.com\/switzerland\/wp-json\/wp\/v2\/comments?post=451176"}],"version-history":[{"count":0,"href":"https:\/\/livelycity.com\/switzerland\/wp-json\/wp\/v2\/posts\/451176\/revisions"}],"wp:attachment":[{"href":"https:\/\/livelycity.com\/switzerland\/wp-json\/wp\/v2\/media?parent=451176"}],"wp:term":[{"taxonomy":"category","embeddable":true,"href":"https:\/\/livelycity.com\/switzerland\/wp-json\/wp\/v2\/categories?post=451176"},{"taxonomy":"post_tag","embeddable":true,"href":"https:\/\/livelycity.com\/switzerland\/wp-json\/wp\/v2\/tags?post=451176"}],"curies":[{"name":"wp","href":"https:\/\/api.w.org\/{rel}","templated":true}]}}