{"id":445467,"date":"2026-02-26T18:08:00","date_gmt":"2026-02-26T18:08:00","guid":{"rendered":"https:\/\/livelycity.com\/switzerland\/blog\/2026\/02\/26\/fast-zwei-stunden-eigenlob-trump-beschwort-bei-der-state-of-the-union-rede-die-starke-amerikas\/"},"modified":"2026-02-26T18:08:00","modified_gmt":"2026-02-26T18:08:00","slug":"fast-zwei-stunden-eigenlob-trump-beschwort-bei-der-state-of-the-union-rede-die-starke-amerikas","status":"publish","type":"post","link":"https:\/\/livelycity.com\/switzerland\/blog\/2026\/02\/26\/fast-zwei-stunden-eigenlob-trump-beschwort-bei-der-state-of-the-union-rede-die-starke-amerikas\/","title":{"rendered":"Fast zwei Stunden Eigenlob: Trump beschw\u00f6rt bei der \u00abState of the Union\u00bb-Rede die St\u00e4rke Amerikas"},"content":{"rendered":"<p>Der US-Pr\u00e4sident befindet sich im Umfragetief. Vor den Midterms im November bedeutet das f\u00fcr seine Partei nichts Gutes. In seiner Rede zur Lage der Nation zog Trump deshalb \u00fcber die Demokraten her und &#8230;<\/p>\n<p><a href=\"http:\/\/www.bing.com\/news\/apiclick.aspx?ref=FexRss&amp;aid=&amp;tid=69a10dd549664b17826d49c239ee479b&amp;url=https%3A%2F%2Fwww.nzz.ch%2Finternational%2Fstate-of-the-union-trump-redet-amerika-stark-ld.1926477&amp;c=16571832203156894768&amp;mkt=en-us\" target=\"_blank\" class=\"feedzy-rss-link-icon\">Read More<\/a>\u00a0<\/p>\n","protected":false},"excerpt":{"rendered":"<p>Der US-Pr\u00e4sident befindet sich im Umfragetief. Vor den Midterms im November bedeutet das f\u00fcr seine Partei nichts Gutes. In seiner Rede zur Lage der Nation&#8230;<\/p>\n","protected":false},"author":1,"featured_media":0,"comment_status":"closed","ping_status":"closed","sticky":false,"template":"","format":"standard","meta":{"_jetpack_memberships_contains_paid_content":false,"footnotes":""},"categories":[2],"tags":[],"class_list":["post-445467","post","type-post","status-publish","format-standard","hentry","category-news","wpcat-2-id"],"jetpack_featured_media_url":"","jetpack_sharing_enabled":true,"_links":{"self":[{"href":"https:\/\/livelycity.com\/switzerland\/wp-json\/wp\/v2\/posts\/445467","targetHints":{"allow":["GET"]}}],"collection":[{"href":"https:\/\/livelycity.com\/switzerland\/wp-json\/wp\/v2\/posts"}],"about":[{"href":"https:\/\/livelycity.com\/switzerland\/wp-json\/wp\/v2\/types\/post"}],"author":[{"embeddable":true,"href":"https:\/\/livelycity.com\/switzerland\/wp-json\/wp\/v2\/users\/1"}],"replies":[{"embeddable":true,"href":"https:\/\/livelycity.com\/switzerland\/wp-json\/wp\/v2\/comments?post=445467"}],"version-history":[{"count":0,"href":"https:\/\/livelycity.com\/switzerland\/wp-json\/wp\/v2\/posts\/445467\/revisions"}],"wp:attachment":[{"href":"https:\/\/livelycity.com\/switzerland\/wp-json\/wp\/v2\/media?parent=445467"}],"wp:term":[{"taxonomy":"category","embeddable":true,"href":"https:\/\/livelycity.com\/switzerland\/wp-json\/wp\/v2\/categories?post=445467"},{"taxonomy":"post_tag","embeddable":true,"href":"https:\/\/livelycity.com\/switzerland\/wp-json\/wp\/v2\/tags?post=445467"}],"curies":[{"name":"wp","href":"https:\/\/api.w.org\/{rel}","templated":true}]}}