{"id":358599,"date":"2025-10-17T08:26:00","date_gmt":"2025-10-17T08:26:00","guid":{"rendered":"https:\/\/livelycity.com\/switzerland\/blog\/2025\/10\/17\/friedrich-merz-hat-recht-deutschlands-stadte-haben-sich-massiv-verandert-die-diskussion-daruber-ist-uberfallig-15\/"},"modified":"2025-10-17T08:26:00","modified_gmt":"2025-10-17T08:26:00","slug":"friedrich-merz-hat-recht-deutschlands-stadte-haben-sich-massiv-verandert-die-diskussion-daruber-ist-uberfallig-15","status":"publish","type":"post","link":"https:\/\/livelycity.com\/switzerland\/blog\/2025\/10\/17\/friedrich-merz-hat-recht-deutschlands-stadte-haben-sich-massiv-verandert-die-diskussion-daruber-ist-uberfallig-15\/","title":{"rendered":"Friedrich Merz hat recht: Deutschlands St\u00e4dte haben sich massiv ver\u00e4ndert. Die Diskussion dar\u00fcber ist \u00fcberf\u00e4llig"},"content":{"rendered":"<p>Mit seiner Aussage zum \u00abStadtbild\u00bb hat der deutsche Kanzler die Gem\u00fcter erhitzt. Dabei hat er nur die Realit\u00e4t beschrieben.<\/p>\n<p><a href=\"http:\/\/www.bing.com\/news\/apiclick.aspx?ref=FexRss&amp;aid=&amp;tid=68f33f4e43e74c69a39f030c1a23cd5b&amp;url=https%3A%2F%2Fwww.nzz.ch%2Finternational%2Fdas-problem-im-stadtbild-merz-hat-recht-die-diskussion-ist-ueberfaellig-ld.1907504&amp;c=13750224551161863285&amp;mkt=en-us\" target=\"_blank\" class=\"feedzy-rss-link-icon\">Read More<\/a>\u00a0<\/p>\n","protected":false},"excerpt":{"rendered":"<p>Mit seiner Aussage zum \u00abStadtbild\u00bb hat der deutsche Kanzler die Gem\u00fcter erhitzt. Dabei hat er nur die Realit\u00e4t beschrieben. Read More\u00a0<\/p>\n","protected":false},"author":1,"featured_media":0,"comment_status":"closed","ping_status":"closed","sticky":false,"template":"","format":"standard","meta":{"_jetpack_memberships_contains_paid_content":false,"footnotes":""},"categories":[2],"tags":[],"class_list":["post-358599","post","type-post","status-publish","format-standard","hentry","category-news","wpcat-2-id"],"jetpack_featured_media_url":"","jetpack_sharing_enabled":true,"_links":{"self":[{"href":"https:\/\/livelycity.com\/switzerland\/wp-json\/wp\/v2\/posts\/358599","targetHints":{"allow":["GET"]}}],"collection":[{"href":"https:\/\/livelycity.com\/switzerland\/wp-json\/wp\/v2\/posts"}],"about":[{"href":"https:\/\/livelycity.com\/switzerland\/wp-json\/wp\/v2\/types\/post"}],"author":[{"embeddable":true,"href":"https:\/\/livelycity.com\/switzerland\/wp-json\/wp\/v2\/users\/1"}],"replies":[{"embeddable":true,"href":"https:\/\/livelycity.com\/switzerland\/wp-json\/wp\/v2\/comments?post=358599"}],"version-history":[{"count":0,"href":"https:\/\/livelycity.com\/switzerland\/wp-json\/wp\/v2\/posts\/358599\/revisions"}],"wp:attachment":[{"href":"https:\/\/livelycity.com\/switzerland\/wp-json\/wp\/v2\/media?parent=358599"}],"wp:term":[{"taxonomy":"category","embeddable":true,"href":"https:\/\/livelycity.com\/switzerland\/wp-json\/wp\/v2\/categories?post=358599"},{"taxonomy":"post_tag","embeddable":true,"href":"https:\/\/livelycity.com\/switzerland\/wp-json\/wp\/v2\/tags?post=358599"}],"curies":[{"name":"wp","href":"https:\/\/api.w.org\/{rel}","templated":true}]}}