{"id":303494,"date":"2025-09-01T18:54:49","date_gmt":"2025-09-01T18:54:49","guid":{"rendered":"https:\/\/livelycity.com\/switzerland\/blog\/2025\/09\/01\/so-heftig-fegte-das-unwetter-uber-die-schweiz\/"},"modified":"2025-09-01T18:54:49","modified_gmt":"2025-09-01T18:54:49","slug":"so-heftig-fegte-das-unwetter-uber-die-schweiz","status":"publish","type":"post","link":"https:\/\/livelycity.com\/switzerland\/blog\/2025\/09\/01\/so-heftig-fegte-das-unwetter-uber-die-schweiz\/","title":{"rendered":"So heftig fegte das Unwetter \u00fcber die Schweiz"},"content":{"rendered":"<p>So heftig tobte das Unwetter \u00fcber Z\u00fcrich, Bern und der Zentralschweiz: Unsere News-Scouts hielten die dramatischsten Momente im Video fest.<\/p>\n<p><a href=\"https:\/\/www.20min.ch\/video\/gewittersturm-zuerich-bund-ruft-gefahrenstufe-3-aus-103408229\" target=\"_blank\" class=\"\">https:\/\/www.20min.ch\/video\/gewittersturm-zuerich-bund-ruft-gefahrenstufe-3-aus-103408229<\/a>\u00a0<\/p>\n","protected":false},"excerpt":{"rendered":"<p>So heftig tobte das Unwetter \u00fcber Z\u00fcrich, Bern und der Zentralschweiz: Unsere News-Scouts hielten die dramatischsten Momente im Video fest. https:\/\/www.20min.ch\/video\/gewittersturm-zuerich-bund-ruft-gefahrenstufe-3-aus-103408229\u00a0<\/p>\n","protected":false},"author":0,"featured_media":303432,"comment_status":"closed","ping_status":"closed","sticky":false,"template":"","format":"standard","meta":{"_jetpack_memberships_contains_paid_content":false,"footnotes":""},"categories":[5],"tags":[],"class_list":["post-303494","post","type-post","status-publish","format-standard","has-post-thumbnail","hentry","category-aargauer-zeitung","wpcat-5-id"],"jetpack_featured_media_url":"https:\/\/livelycity.com\/switzerland\/wp-content\/uploads\/2025\/09\/0800b993-d206-408d-ab2c-dbdc10181f43-q0y8J8.jpg","jetpack_sharing_enabled":true,"_links":{"self":[{"href":"https:\/\/livelycity.com\/switzerland\/wp-json\/wp\/v2\/posts\/303494","targetHints":{"allow":["GET"]}}],"collection":[{"href":"https:\/\/livelycity.com\/switzerland\/wp-json\/wp\/v2\/posts"}],"about":[{"href":"https:\/\/livelycity.com\/switzerland\/wp-json\/wp\/v2\/types\/post"}],"replies":[{"embeddable":true,"href":"https:\/\/livelycity.com\/switzerland\/wp-json\/wp\/v2\/comments?post=303494"}],"version-history":[{"count":0,"href":"https:\/\/livelycity.com\/switzerland\/wp-json\/wp\/v2\/posts\/303494\/revisions"}],"wp:featuredmedia":[{"embeddable":true,"href":"https:\/\/livelycity.com\/switzerland\/wp-json\/wp\/v2\/media\/303432"}],"wp:attachment":[{"href":"https:\/\/livelycity.com\/switzerland\/wp-json\/wp\/v2\/media?parent=303494"}],"wp:term":[{"taxonomy":"category","embeddable":true,"href":"https:\/\/livelycity.com\/switzerland\/wp-json\/wp\/v2\/categories?post=303494"},{"taxonomy":"post_tag","embeddable":true,"href":"https:\/\/livelycity.com\/switzerland\/wp-json\/wp\/v2\/tags?post=303494"}],"curies":[{"name":"wp","href":"https:\/\/api.w.org\/{rel}","templated":true}]}}