{"id":303013,"date":"2025-09-01T16:25:40","date_gmt":"2025-09-01T16:25:40","guid":{"rendered":"https:\/\/livelycity.com\/switzerland\/blog\/2025\/09\/01\/vive-le-francais-mais-plutot-un-peu-plus-tard-das-zurcher-parlament-will-den-franzosischunterricht-auf-die-oberstufe-verschieben\/"},"modified":"2025-09-01T16:25:40","modified_gmt":"2025-09-01T16:25:40","slug":"vive-le-francais-mais-plutot-un-peu-plus-tard-das-zurcher-parlament-will-den-franzosischunterricht-auf-die-oberstufe-verschieben","status":"publish","type":"post","link":"https:\/\/livelycity.com\/switzerland\/blog\/2025\/09\/01\/vive-le-francais-mais-plutot-un-peu-plus-tard-das-zurcher-parlament-will-den-franzosischunterricht-auf-die-oberstufe-verschieben\/","title":{"rendered":"\u00abVive le fran\u00e7ais, mais plut\u00f4t un peu plus tard!\u00bb: Das Z\u00fcrcher Parlament will den Franz\u00f6sischunterricht auf die Oberstufe verschieben"},"content":{"rendered":"<p>Fr\u00fchfranz\u00f6sisch steht schon l\u00e4nger unter Beschuss. Nun statuiert der Kantonsrat ein Exempel \u2013 gegen den Willen von Bildungsdirektorin Silvia Steiner.<\/p>\n<p><a href=\"https:\/\/www.nzz.ch\/zuerich\/zuerich-kantonsrat-will-franzoesisch-auf-die-oberstufe-verschieben-ld.1900343\" target=\"_blank\" class=\"\">https:\/\/www.nzz.ch\/zuerich\/zuerich-kantonsrat-will-franzoesisch-auf-die-oberstufe-verschieben-ld.1900343<\/a>\u00a0<\/p>\n","protected":false},"excerpt":{"rendered":"<p>Fr\u00fchfranz\u00f6sisch steht schon l\u00e4nger unter Beschuss. Nun statuiert der Kantonsrat ein Exempel \u2013 gegen den Willen von Bildungsdirektorin Silvia Steiner. https:\/\/www.nzz.ch\/zuerich\/zuerich-kantonsrat-will-franzoesisch-auf-die-oberstufe-verschieben-ld.1900343\u00a0<\/p>\n","protected":false},"author":0,"featured_media":302959,"comment_status":"closed","ping_status":"closed","sticky":false,"template":"","format":"standard","meta":{"_jetpack_memberships_contains_paid_content":false,"footnotes":""},"categories":[6],"tags":[],"class_list":["post-303013","post","type-post","status-publish","format-standard","has-post-thumbnail","hentry","category-neue-zurcher-zeitung","wpcat-6-id"],"jetpack_featured_media_url":"https:\/\/livelycity.com\/switzerland\/wp-content\/uploads\/2025\/09\/343af7e7-3223-4ce9-aa08-60b76af531a2-wsZJjD.jpg","jetpack_sharing_enabled":true,"_links":{"self":[{"href":"https:\/\/livelycity.com\/switzerland\/wp-json\/wp\/v2\/posts\/303013","targetHints":{"allow":["GET"]}}],"collection":[{"href":"https:\/\/livelycity.com\/switzerland\/wp-json\/wp\/v2\/posts"}],"about":[{"href":"https:\/\/livelycity.com\/switzerland\/wp-json\/wp\/v2\/types\/post"}],"replies":[{"embeddable":true,"href":"https:\/\/livelycity.com\/switzerland\/wp-json\/wp\/v2\/comments?post=303013"}],"version-history":[{"count":0,"href":"https:\/\/livelycity.com\/switzerland\/wp-json\/wp\/v2\/posts\/303013\/revisions"}],"wp:featuredmedia":[{"embeddable":true,"href":"https:\/\/livelycity.com\/switzerland\/wp-json\/wp\/v2\/media\/302959"}],"wp:attachment":[{"href":"https:\/\/livelycity.com\/switzerland\/wp-json\/wp\/v2\/media?parent=303013"}],"wp:term":[{"taxonomy":"category","embeddable":true,"href":"https:\/\/livelycity.com\/switzerland\/wp-json\/wp\/v2\/categories?post=303013"},{"taxonomy":"post_tag","embeddable":true,"href":"https:\/\/livelycity.com\/switzerland\/wp-json\/wp\/v2\/tags?post=303013"}],"curies":[{"name":"wp","href":"https:\/\/api.w.org\/{rel}","templated":true}]}}