{"id":298298,"date":"2025-08-28T21:15:52","date_gmt":"2025-08-28T21:15:52","guid":{"rendered":"https:\/\/livelycity.com\/switzerland\/blog\/2025\/08\/28\/leandro-riedi-kommt-am-us-open-nach-grosser-wende-unerwartet-weiter\/"},"modified":"2025-08-28T21:15:52","modified_gmt":"2025-08-28T21:15:52","slug":"leandro-riedi-kommt-am-us-open-nach-grosser-wende-unerwartet-weiter","status":"publish","type":"post","link":"https:\/\/livelycity.com\/switzerland\/blog\/2025\/08\/28\/leandro-riedi-kommt-am-us-open-nach-grosser-wende-unerwartet-weiter\/","title":{"rendered":"Leandro Riedi kommt am US Open nach grosser Wende unerwartet weiter"},"content":{"rendered":"<p>Nach J\u00e9r\u00f4me Kym schafft mit Riedi auch der andere Schweizer Qualifikant am US Open den Einzug in die 3. Runde. Der Z\u00fcrcher ringt den als Nummer 19 gesetzten Francisco Cerundolo aus Argentinien in f\u00fcnf S\u00e4tzen nieder.<\/p>\n<p><a href=\"https:\/\/www.nzz.ch\/sport\/tennis\/leandro-riedi-kommt-am-us-open-nach-grosser-wende-unerwartet-weiter-ld.1900031\" target=\"_blank\" class=\"\">https:\/\/www.nzz.ch\/sport\/tennis\/leandro-riedi-kommt-am-us-open-nach-grosser-wende-unerwartet-weiter-ld.1900031<\/a>\u00a0<\/p>\n","protected":false},"excerpt":{"rendered":"<p>Nach J\u00e9r\u00f4me Kym schafft mit Riedi auch der andere Schweizer Qualifikant am US Open den Einzug in die 3. Runde. Der Z\u00fcrcher ringt den als&#8230;<\/p>\n","protected":false},"author":0,"featured_media":298299,"comment_status":"closed","ping_status":"closed","sticky":false,"template":"","format":"standard","meta":{"_jetpack_memberships_contains_paid_content":false,"footnotes":""},"categories":[6],"tags":[],"class_list":["post-298298","post","type-post","status-publish","format-standard","has-post-thumbnail","hentry","category-neue-zurcher-zeitung","wpcat-6-id"],"jetpack_featured_media_url":"https:\/\/livelycity.com\/switzerland\/wp-content\/uploads\/2025\/08\/70c59fc7-9d81-4bd3-bcf5-6263a3f24340-0mJSxg.jpg","jetpack_sharing_enabled":true,"_links":{"self":[{"href":"https:\/\/livelycity.com\/switzerland\/wp-json\/wp\/v2\/posts\/298298","targetHints":{"allow":["GET"]}}],"collection":[{"href":"https:\/\/livelycity.com\/switzerland\/wp-json\/wp\/v2\/posts"}],"about":[{"href":"https:\/\/livelycity.com\/switzerland\/wp-json\/wp\/v2\/types\/post"}],"replies":[{"embeddable":true,"href":"https:\/\/livelycity.com\/switzerland\/wp-json\/wp\/v2\/comments?post=298298"}],"version-history":[{"count":0,"href":"https:\/\/livelycity.com\/switzerland\/wp-json\/wp\/v2\/posts\/298298\/revisions"}],"wp:featuredmedia":[{"embeddable":true,"href":"https:\/\/livelycity.com\/switzerland\/wp-json\/wp\/v2\/media\/298299"}],"wp:attachment":[{"href":"https:\/\/livelycity.com\/switzerland\/wp-json\/wp\/v2\/media?parent=298298"}],"wp:term":[{"taxonomy":"category","embeddable":true,"href":"https:\/\/livelycity.com\/switzerland\/wp-json\/wp\/v2\/categories?post=298298"},{"taxonomy":"post_tag","embeddable":true,"href":"https:\/\/livelycity.com\/switzerland\/wp-json\/wp\/v2\/tags?post=298298"}],"curies":[{"name":"wp","href":"https:\/\/api.w.org\/{rel}","templated":true}]}}