{"id":187988,"date":"2025-06-26T23:00:00","date_gmt":"2025-06-26T23:00:00","guid":{"rendered":"https:\/\/livelycity.com\/switzerland\/blog\/2025\/06\/26\/die-hochzeit-des-jahres-der-viertreichste-mann-der-welt-sagt-ja\/"},"modified":"2025-06-26T23:00:00","modified_gmt":"2025-06-26T23:00:00","slug":"die-hochzeit-des-jahres-der-viertreichste-mann-der-welt-sagt-ja","status":"publish","type":"post","link":"https:\/\/livelycity.com\/switzerland\/blog\/2025\/06\/26\/die-hochzeit-des-jahres-der-viertreichste-mann-der-welt-sagt-ja\/","title":{"rendered":"Die Hochzeit des Jahres: Der viertreichste Mann der Welt sagt \u00abJa\u00bb."},"content":{"rendered":"<p>Heute ist es so weit: Der Amazongr\u00fcnder Jeff Bezos und Lauren S\u00e1nchez heiraten in Venedig. Hochkar\u00e4tige G\u00e4ste sind mit Privatjets in die Lagunenstadt gereist. Wir blicken hinter die Kulissen des &#8230;<\/p>\n<p><a href=\"http:\/\/www.bing.com\/news\/apiclick.aspx?ref=FexRss&amp;aid=&amp;tid=685e45dc35ed4eee95704faba69502b0&amp;url=https%3A%2F%2Fwww.nzz.ch%2Ffotografie%2Fdie-hochzeit-des-jahres-der-viertreichste-mann-der-welt-sagt-ja-ld.1891045&amp;c=16621750466260730229&amp;mkt=en-us\" target=\"_blank\" class=\"\">http:\/\/www.bing.com\/news\/apiclick.aspx?ref=FexRss&amp;aid=&amp;tid=685e45dc35ed4eee95704faba69502b0&amp;url=https%3A%2F%2Fwww.nzz.ch%2Ffotografie%2Fdie-hochzeit-des-jahres-der-viertreichste-mann-der-welt-sagt-ja-ld.1891045&amp;c=16621750466260730229&amp;mkt=en-us<\/a>\u00a0<\/p>\n","protected":false},"excerpt":{"rendered":"<p>Heute ist es so weit: Der Amazongr\u00fcnder Jeff Bezos und Lauren S\u00e1nchez heiraten in Venedig. Hochkar\u00e4tige G\u00e4ste sind mit Privatjets in die Lagunenstadt gereist. Wir&#8230;<\/p>\n","protected":false},"author":0,"featured_media":0,"comment_status":"closed","ping_status":"closed","sticky":false,"template":"","format":"standard","meta":{"_jetpack_memberships_contains_paid_content":false,"footnotes":""},"categories":[2],"tags":[],"class_list":["post-187988","post","type-post","status-publish","format-standard","hentry","category-news","wpcat-2-id"],"jetpack_featured_media_url":"","jetpack_sharing_enabled":true,"_links":{"self":[{"href":"https:\/\/livelycity.com\/switzerland\/wp-json\/wp\/v2\/posts\/187988","targetHints":{"allow":["GET"]}}],"collection":[{"href":"https:\/\/livelycity.com\/switzerland\/wp-json\/wp\/v2\/posts"}],"about":[{"href":"https:\/\/livelycity.com\/switzerland\/wp-json\/wp\/v2\/types\/post"}],"replies":[{"embeddable":true,"href":"https:\/\/livelycity.com\/switzerland\/wp-json\/wp\/v2\/comments?post=187988"}],"version-history":[{"count":0,"href":"https:\/\/livelycity.com\/switzerland\/wp-json\/wp\/v2\/posts\/187988\/revisions"}],"wp:attachment":[{"href":"https:\/\/livelycity.com\/switzerland\/wp-json\/wp\/v2\/media?parent=187988"}],"wp:term":[{"taxonomy":"category","embeddable":true,"href":"https:\/\/livelycity.com\/switzerland\/wp-json\/wp\/v2\/categories?post=187988"},{"taxonomy":"post_tag","embeddable":true,"href":"https:\/\/livelycity.com\/switzerland\/wp-json\/wp\/v2\/tags?post=187988"}],"curies":[{"name":"wp","href":"https:\/\/api.w.org\/{rel}","templated":true}]}}